{"id":49909,"date":"2026-01-09T13:05:27","date_gmt":"2026-01-09T13:05:27","guid":{"rendered":"https:\/\/bytecosmico.com\/?p=49909"},"modified":"2026-01-09T13:05:28","modified_gmt":"2026-01-09T13:05:28","slug":"apple-vuelta-a-clases-2026-brasil-airpods-4-gratis","status":"publish","type":"post","link":"https:\/\/bytecosmico.com\/es\/apple-vuelta-a-clases-2026-brasil-airpods-4-gratis\/","title":{"rendered":"Apple Lanza Promoci\u00f3n \"Vuelta a Clases\" 2026 en Brasil: AirPods 4 Gratis con tu Mac"},"content":{"rendered":"<div>\n<p>Apple Brasil ha activado su campa\u00f1a anual <strong>&#8220;Vuelta a Clases&#8221; (Back to School)<\/strong> para 2026, ofreciendo una oportunidad de oro para el sector acad\u00e9mico. En un movimiento estrat\u00e9gico para impulsar su nueva l\u00ednea de audio, la compa\u00f1\u00eda est\u00e1 regalando los <strong>AirPods 4<\/strong> por la compra de ordenadores Mac elegibles.<\/p>\n\n\n\n<h3 class=\"wp-block-heading\">Detalles de la Oferta<\/h3>\n\n\n\n<figure class=\"gb-element-8a697914\">\n<img loading=\"lazy\" decoding=\"async\" width=\"768\" height=\"403\" class=\"gb-media-159eb32f\" alt=\"\" src=\"https:\/\/bytecosmico.com\/wp-content\/uploads\/2026\/01\/bts-offer-og-202505_GEO_BR-768x403.jpg\" title=\"bts-offer-og-202505_GEO_BR\" srcset=\"https:\/\/bytecosmico.com\/wp-content\/uploads\/2026\/01\/bts-offer-og-202505_GEO_BR-768x403.jpg 768w, https:\/\/bytecosmico.com\/wp-content\/uploads\/2026\/01\/bts-offer-og-202505_GEO_BR-300x158.jpg 300w, https:\/\/bytecosmico.com\/wp-content\/uploads\/2026\/01\/bts-offer-og-202505_GEO_BR-1024x538.jpg 1024w, https:\/\/bytecosmico.com\/wp-content\/uploads\/2026\/01\/bts-offer-og-202505_GEO_BR-18x9.jpg 18w, https:\/\/bytecosmico.com\/wp-content\/uploads\/2026\/01\/bts-offer-og-202505_GEO_BR.jpg 1200w\" sizes=\"auto, (max-width: 768px) 100vw, 768px\" \/>\n\n\n\n<p><\/p>\n\n\n\n<figcaption class=\"gb-text\">Imagen Ilustrativa: Productos Apple <\/figcaption>\n\n\n\n<p><\/p>\n<\/figure>\n\n\n\n<p>La promoci\u00f3n destaca por combinar precios reducidos (descuento educativo) con regalos de hardware, algo poco com\u00fan en la estrategia de precios habitual de Apple.<\/p>\n\n\n\n<ul class=\"wp-block-list\">\n<li><strong>Para compradores de Mac:<\/strong> Al adquirir un MacBook Air, MacBook Pro o iMac, se incluyen los <strong>AirPods 4<\/strong> sin costo adicional. Existe la flexibilidad de pagar la diferencia para obtener el modelo con Cancelaci\u00f3n Activa de Ruido o los AirPods Pro 2.<\/li>\n\n\n\n<li><strong>Para compradores de iPad:<\/strong> La compra de un iPad Air o iPad Pro incluye el <strong>Apple Pencil Pro<\/strong> de regalo, ideal para estudiantes de dise\u00f1o y arquitectura.<\/li>\n<\/ul>\n\n\n\n<h3 class=\"wp-block-heading\">\u00bfQui\u00e9nes Califican?<\/h3>\n\n\n\n<p>La campa\u00f1a estar\u00e1 vigente hasta el <strong>11 de marzo de 2026<\/strong> y est\u00e1 dirigida a:<\/p>\n\n\n\n<ul class=\"wp-block-list\">\n<li>Estudiantes universitarios (inscritos o admitidos).<\/li>\n\n\n\n<li>Padres que compran para sus hijos universitarios.<\/li>\n\n\n\n<li>Personal docente y administrativo de cualquier instituci\u00f3n educativa.<\/li>\n<\/ul>\n\n\n\n<p><strong>Opini\u00f3n del Editor:<\/strong> Si te encuentras en la regi\u00f3n y necesitas actualizar tu equipo, no hay mejor momento. El valor percibido del regalo (AirPods 4 o Pencil Pro) compensa significativamente la inversi\u00f3n inicial, superando a menudo las ofertas que se ven durante eventos comerciales tradicionales como el Cyber Monday.<\/p>\n\n\n\n<p><em>Fuente: Apple Store Educaci\u00f3n<\/em><\/p>\n<\/div>","protected":false},"excerpt":{"rendered":"<p>A Apple Brasil deu in\u00edcio \u00e0 sua tradicional campanha anual &#8220;Volta \u00e0s Aulas&#8221; para 2026, oferecendo uma das melhores oportunidades do ano para estudantes e educadores renovarem seu ecossistema. A grande estrela desta edi\u00e7\u00e3o \u00e9 a inclus\u00e3o dos rec\u00e9m-lan\u00e7ados AirPods 4, que podem sair a custo zero na compra de Macs selecionados. O Que Est\u00e1 &#8230; <a title=\"Apple Lan\u00e7a Promo\u00e7\u00e3o &#8220;Volta \u00e0s Aulas&#8221; 2026 no Brasil: Saiba Como Garantir AirPods 4 Gr\u00e1tis\" class=\"read-more\" href=\"https:\/\/bytecosmico.com\/es\/apple-vuelta-a-clases-2026-brasil-airpods-4-gratis\/\" aria-label=\"Leer m\u00e1s sobre Apple Lan\u00e7a Promo\u00e7\u00e3o &#8220;Volta \u00e0s Aulas&#8221; 2026 no Brasil: Saiba Como Garantir AirPods 4 Gr\u00e1tis\">Leer m\u00e1s<\/a><\/p>","protected":false},"author":3,"featured_media":49912,"comment_status":"closed","ping_status":"open","sticky":false,"template":"","format":"standard","meta":{"footnotes":""},"categories":[7],"tags":[499,500,504,501,503,502],"class_list":["post-49909","post","type-post","status-publish","format-standard","has-post-thumbnail","hentry","category-tecnologia","tag-airpods-4","tag-apple-brasil","tag-educacao","tag-macbook-pro","tag-promocao","tag-volta-as-aulas-2026"],"_links":{"self":[{"href":"https:\/\/bytecosmico.com\/es\/wp-json\/wp\/v2\/posts\/49909","targetHints":{"allow":["GET"]}}],"collection":[{"href":"https:\/\/bytecosmico.com\/es\/wp-json\/wp\/v2\/posts"}],"about":[{"href":"https:\/\/bytecosmico.com\/es\/wp-json\/wp\/v2\/types\/post"}],"author":[{"embeddable":true,"href":"https:\/\/bytecosmico.com\/es\/wp-json\/wp\/v2\/users\/3"}],"replies":[{"embeddable":true,"href":"https:\/\/bytecosmico.com\/es\/wp-json\/wp\/v2\/comments?post=49909"}],"version-history":[{"count":1,"href":"https:\/\/bytecosmico.com\/es\/wp-json\/wp\/v2\/posts\/49909\/revisions"}],"predecessor-version":[{"id":49911,"href":"https:\/\/bytecosmico.com\/es\/wp-json\/wp\/v2\/posts\/49909\/revisions\/49911"}],"wp:featuredmedia":[{"embeddable":true,"href":"https:\/\/bytecosmico.com\/es\/wp-json\/wp\/v2\/media\/49912"}],"wp:attachment":[{"href":"https:\/\/bytecosmico.com\/es\/wp-json\/wp\/v2\/media?parent=49909"}],"wp:term":[{"taxonomy":"category","embeddable":true,"href":"https:\/\/bytecosmico.com\/es\/wp-json\/wp\/v2\/categories?post=49909"},{"taxonomy":"post_tag","embeddable":true,"href":"https:\/\/bytecosmico.com\/es\/wp-json\/wp\/v2\/tags?post=49909"}],"curies":[{"name":"wp","href":"https:\/\/api.w.org\/{rel}","templated":true}]}}