{"id":49884,"date":"2026-01-09T00:26:38","date_gmt":"2026-01-09T00:26:38","guid":{"rendered":"https:\/\/bytecosmico.com\/?p=49884"},"modified":"2026-01-09T00:26:39","modified_gmt":"2026-01-09T00:26:39","slug":"iphone-17e-produccion-especificaciones-lanzamiento","status":"publish","type":"post","link":"https:\/\/bytecosmico.com\/es\/iphone-17e-produccion-especificaciones-lanzamiento\/","title":{"rendered":"iPhone 17e: Inicio de Producci\u00f3n y el Salto T\u00e9cnico en la Gama de Entrada"},"content":{"rendered":"<div>\n<p>La pr\u00f3xima gran apuesta de Apple para el mercado masivo est\u00e1 a punto de materializarse. Informes desde la cadena de suministro en Asia confirman que la producci\u00f3n en masa del <strong>iPhone 17e<\/strong> comenzar\u00e1 tras el cierre del CES 2026.<\/p>\n\n\n\n<p>M\u00e1s que una simple actualizaci\u00f3n, este dispositivo parece estar dise\u00f1ado para solucionar las carencias de las generaciones anteriores y estandarizar tecnolog\u00edas que antes eran exclusivas de la gama alta.<\/p>\n\n\n\n<h3 class=\"wp-block-heading\">El Fin del Notch y la Llegada de la Isla Din\u00e1mica<\/h3>\n\n\n\n<figure class=\"gb-element-c6ac86d1\">\n<img loading=\"lazy\" decoding=\"async\" width=\"1024\" height=\"512\" class=\"gb-media-aaf54307\" alt=\"\" src=\"https:\/\/bytecosmico.com\/wp-content\/uploads\/2026\/01\/dynamic-island-1024x512.jpg\" title=\"dynamic island\" srcset=\"https:\/\/bytecosmico.com\/wp-content\/uploads\/2026\/01\/dynamic-island-1024x512.jpg 1024w, https:\/\/bytecosmico.com\/wp-content\/uploads\/2026\/01\/dynamic-island-300x150.jpg 300w, https:\/\/bytecosmico.com\/wp-content\/uploads\/2026\/01\/dynamic-island-768x384.jpg 768w, https:\/\/bytecosmico.com\/wp-content\/uploads\/2026\/01\/dynamic-island-18x9.jpg 18w, https:\/\/bytecosmico.com\/wp-content\/uploads\/2026\/01\/dynamic-island.jpg 1400w\" sizes=\"auto, (max-width: 1024px) 100vw, 1024px\" \/>\n\n\n\n<figcaption class=\"gb-text\">Imagen ilustrativa: Dynamic Island<\/figcaption>\n<\/figure>\n\n\n\n<p>El cambio m\u00e1s visible ser\u00e1 la eliminaci\u00f3n del &#8220;notch&#8221; en favor de la <strong>Isla Din\u00e1mica (Dynamic Island)<\/strong>. Esto marca el final de una era de dise\u00f1o que comenz\u00f3 con el iPhone X.<\/p>\n\n\n\n<p>La integraci\u00f3n de la Isla Din\u00e1mica en el modelo m\u00e1s econ\u00f3mico democratiza la interfaz de usuario moderna de Apple. Los usuarios podr\u00e1n interactuar con notificaciones y actividades en tiempo real sin interrumpir lo que est\u00e1n haciendo, unificando la experiencia de uso en todo el ecosistema iOS.<\/p>\n\n\n\n<h3 class=\"wp-block-heading\">El Coraz\u00f3n del Flagship: Chip A19<\/h3>\n\n\n\n<p>Apple parece dispuesta a romper la costumbre de usar procesadores antiguos en sus modelos &#8220;e&#8221; o &#8220;SE&#8221;. Los rumores apuntan a la inclusi\u00f3n del chip <strong>A19<\/strong>.<\/p>\n\n\n\n<p>Aunque probablemente se trate de una versi\u00f3n con un n\u00facleo de GPU deshabilitado para reducir costes y segmentar el mercado, la CPU y el Motor Neuronal (Neural Engine) ser\u00e1n de \u00faltima generaci\u00f3n. Esto es fundamental para garantizar que el dispositivo sea compatible con las nuevas funciones de Inteligencia Artificial que requieren un procesamiento local intensivo.<\/p>\n\n\n\n<h3 class=\"wp-block-heading\">El Regreso de MagSafe y Mejor Conectividad<\/h3>\n\n\n\n<figure class=\"gb-element-4b13a6da\">\n<img decoding=\"async\" class=\"gb-media-96c42c16\" src=\"https:\/\/bytecosmico.com\/wp-content\/uploads\/2026\/01\/brandon-romanchuk-xpe7pyNmEbw-unsplash1-1024x683.jpg\" alt=\"\" title=\"brandon-romanchuk-xpe7pyNmEbw-unsplash(1)\"\/>\n\n\n\n<figcaption class=\"gb-text\">Imagen ilustrativa: MagSafe<\/figcaption>\n<\/figure>\n\n\n\n<p>Se espera que el iPhone 17e solucione la ausencia de <strong>MagSafe<\/strong> vista en modelos previos de esta categor\u00eda. El retorno de los imanes traseros permitir\u00e1 el uso de cargadores inal\u00e1mbricos alineados, carteras y soportes, devolviendo al usuario la versatilidad del ecosistema de accesorios.<\/p>\n\n\n\n<p>Asimismo, la actualizaci\u00f3n al m\u00f3dem <strong>C1X<\/strong> promete una conexi\u00f3n 5G m\u00e1s estable y un consumo de bater\u00eda m\u00e1s eficiente, un factor cr\u00edtico para los usuarios que buscan durabilidad en el d\u00eda a d\u00eda.<\/p>\n\n\n\n<h3 class=\"wp-block-heading\">Ventana de Lanzamiento<\/h3>\n\n\n\n<p>Si los planes de producci\u00f3n siguen el curso habitual de 4 a 6 semanas, todo apunta a un lanzamiento oficial entre <strong>finales de febrero y principios de marzo de 2026<\/strong>. Apple suele reservar estas fechas para renovar su cat\u00e1logo de entrada y presentar nuevos colores de temporada.<\/p>\n<\/div>","protected":false},"excerpt":{"rendered":"<p>A estrat\u00e9gia da Apple para o mercado de smartphones de entrada est\u00e1 prestes a sofrer uma evolu\u00e7\u00e3o significativa. Relat\u00f3rios recentes da cadeia de suprimentos indicam que a produ\u00e7\u00e3o em massa do aguardado iPhone 17e est\u00e1 programada para come\u00e7ar imediatamente ap\u00f3s a conclus\u00e3o da CES 2026. Este movimento sugere que a Apple n\u00e3o est\u00e1 apenas atualizando &#8230; <a title=\"iPhone 17e: Inicio de Producci\u00f3n y el Salto T\u00e9cnico en la Gama de Entrada\" class=\"read-more\" href=\"https:\/\/bytecosmico.com\/es\/iphone-17e-produccion-especificaciones-lanzamiento\/\" aria-label=\"Leer m\u00e1s sobre iPhone 17e: Produ\u00e7\u00e3o em Massa, A19 e o Fim do Notch\">Leer m\u00e1s<\/a><\/p>","protected":false},"author":1,"featured_media":49886,"comment_status":"closed","ping_status":"open","sticky":false,"template":"","format":"standard","meta":{"footnotes":""},"categories":[7],"tags":[486,222,488,288,485,487,490,489,236],"class_list":["post-49884","post","type-post","status-publish","format-standard","has-post-thumbnail","hentry","category-tecnologia","tag-a19-chip","tag-apple","tag-apple-leaks","tag-dynamic-island","tag-iphone-17e","tag-magsafe","tag-mobile-industry","tag-smartphone-production","tag-tech-news"],"_links":{"self":[{"href":"https:\/\/bytecosmico.com\/es\/wp-json\/wp\/v2\/posts\/49884","targetHints":{"allow":["GET"]}}],"collection":[{"href":"https:\/\/bytecosmico.com\/es\/wp-json\/wp\/v2\/posts"}],"about":[{"href":"https:\/\/bytecosmico.com\/es\/wp-json\/wp\/v2\/types\/post"}],"author":[{"embeddable":true,"href":"https:\/\/bytecosmico.com\/es\/wp-json\/wp\/v2\/users\/1"}],"replies":[{"embeddable":true,"href":"https:\/\/bytecosmico.com\/es\/wp-json\/wp\/v2\/comments?post=49884"}],"version-history":[{"count":5,"href":"https:\/\/bytecosmico.com\/es\/wp-json\/wp\/v2\/posts\/49884\/revisions"}],"predecessor-version":[{"id":49892,"href":"https:\/\/bytecosmico.com\/es\/wp-json\/wp\/v2\/posts\/49884\/revisions\/49892"}],"wp:featuredmedia":[{"embeddable":true,"href":"https:\/\/bytecosmico.com\/es\/wp-json\/wp\/v2\/media\/49886"}],"wp:attachment":[{"href":"https:\/\/bytecosmico.com\/es\/wp-json\/wp\/v2\/media?parent=49884"}],"wp:term":[{"taxonomy":"category","embeddable":true,"href":"https:\/\/bytecosmico.com\/es\/wp-json\/wp\/v2\/categories?post=49884"},{"taxonomy":"post_tag","embeddable":true,"href":"https:\/\/bytecosmico.com\/es\/wp-json\/wp\/v2\/tags?post=49884"}],"curies":[{"name":"wp","href":"https:\/\/api.w.org\/{rel}","templated":true}]}}