{"id":49853,"date":"2026-01-05T20:55:59","date_gmt":"2026-01-05T20:55:59","guid":{"rendered":"https:\/\/bytecosmico.com\/?p=49853"},"modified":"2026-01-05T20:56:01","modified_gmt":"2026-01-05T20:56:01","slug":"pelicula-secreta-the-witcher-las-ratas-dolph-lundgren-netflix","status":"publish","type":"post","link":"https:\/\/bytecosmico.com\/es\/pelicula-secreta-the-witcher-las-ratas-dolph-lundgren-netflix\/","title":{"rendered":"El Estreno \"Fantasma\" de The Witcher: Netflix Lanz\u00f3 una Pel\u00edcula con una Leyenda de los 80 y Nadie se Enter\u00f3"},"content":{"rendered":"<div>\n<p>En un movimiento extra\u00f1o que ha dejado a fans y cr\u00edticos rasc\u00e1ndose la cabeza, Netflix lanz\u00f3 una pel\u00edcula de acci\u00f3n real de la franquicia <em>The Witcher<\/em> en octubre de 2025, y hay un 99% de posibilidades de que no hayas o\u00eddo hablar de ella. El t\u00edtulo es <strong>Las Ratas: Una Historia de The Witcher<\/strong> (<em>The Rats: A Witcher Tale<\/em>), y cuenta con nada menos que <strong>Dolph Lundgren<\/strong> (el eterno Ivan Drago de <em>Rocky IV<\/em>) en el reparto.<\/p>\n\n\n\n<p>Mientras la serie principal se enfrenta a turbulencias con el cambio de Henry Cavill por Liam Hemsworth y cr\u00edticas mixtas en la 4\u00aa temporada, este spin-off fue soltado en la plataforma sin tr\u00e1ilers, bombos ni campa\u00f1as de marketing.<\/p>\n\n\n\n<figure class=\"gb-element-5124c97b\">\n<img loading=\"lazy\" decoding=\"async\" width=\"768\" height=\"503\" class=\"gb-media-0adda6b5\" alt=\"\" src=\"https:\/\/bytecosmico.com\/wp-content\/uploads\/2026\/01\/Captura-de-tela-2026-01-05-174911-768x503.png\" title=\"Captura de tela 2026-01-05 174911\" srcset=\"https:\/\/bytecosmico.com\/wp-content\/uploads\/2026\/01\/Captura-de-tela-2026-01-05-174911-768x503.png 768w, https:\/\/bytecosmico.com\/wp-content\/uploads\/2026\/01\/Captura-de-tela-2026-01-05-174911-300x197.png 300w, https:\/\/bytecosmico.com\/wp-content\/uploads\/2026\/01\/Captura-de-tela-2026-01-05-174911-1024x671.png 1024w, https:\/\/bytecosmico.com\/wp-content\/uploads\/2026\/01\/Captura-de-tela-2026-01-05-174911-18x12.png 18w, https:\/\/bytecosmico.com\/wp-content\/uploads\/2026\/01\/Captura-de-tela-2026-01-05-174911.png 1496w\" sizes=\"auto, (max-width: 768px) 100vw, 768px\" \/>\n\n\n\n<figcaption class=\"gb-text\">Imagem Ilustrativa: The Witcher<\/figcaption>\n<\/figure>\n\n\n\n<h2 class=\"wp-block-heading\">Un Atraco en el Mundo de los Brujos<\/h2>\n\n\n\n<p>La trama funciona como una precuela de la 4\u00aa temporada, centr\u00e1ndose en el grupo de inadaptados conocido como &#8220;Las Ratas&#8221;. La premisa se aleja de la caza de monstruos tradicional y apuesta por una pel\u00edcula de atracos (<em>heist movie<\/em>), donde seis criminales planean el golpe de sus vidas. Dolph Lundgren interpreta a un brujo renegado de la Escuela del Gato, aportando una brutalidad f\u00edsica que encaja perfectamente en el universo.<\/p>\n\n\n\n<h2 class=\"wp-block-heading\">\u00bfPor Qu\u00e9 el Silencio?<\/h2>\n\n\n\n<p>La falta de difusi\u00f3n es evidente. En Rotten Tomatoes, la pel\u00edcula tiene solo una cr\u00edtica registrada, una se\u00f1al clara de abandono por parte del estudio. Se especula que, debido a la tibia recepci\u00f3n de las \u00faltimas temporadas de la serie principal, Netflix haya optado por un lanzamiento discreto (&#8220;soft launch&#8221;) para evitar m\u00e1s pol\u00e9micas. Si eres fan del lore o simplemente quieres ver a una leyenda de acci\u00f3n de los 80 empu\u00f1ando una espada, merece la pena buscarla manualmente en el cat\u00e1logo.<\/p>\n<\/div>","protected":false},"excerpt":{"rendered":"<p>Em um movimento bizarro que deixou f\u00e3s e cr\u00edticos co\u00e7ando a cabe\u00e7a, a Netflix lan\u00e7ou um filme live-action da franquia The Witcher em outubro de 2025, e a chance de voc\u00ea n\u00e3o ter ouvido falar dele \u00e9 de 99%. O t\u00edtulo \u00e9 Os Ratos: Uma Hist\u00f3ria de The Witcher (The Rats: A Witcher Tale), e &#8230; <a title=\"O Filme &#8220;Fantasma&#8221; de The Witcher: Netflix Escondeu Lan\u00e7amento com Lenda dos Anos 80\" class=\"read-more\" href=\"https:\/\/bytecosmico.com\/es\/pelicula-secreta-the-witcher-las-ratas-dolph-lundgren-netflix\/\" aria-label=\"Leer m\u00e1s sobre O Filme &#8220;Fantasma&#8221; de The Witcher: Netflix Escondeu Lan\u00e7amento com Lenda dos Anos 80\">Leer m\u00e1s<\/a><\/p>","protected":false},"author":2,"featured_media":49855,"comment_status":"closed","ping_status":"open","sticky":false,"template":"","format":"standard","meta":{"footnotes":""},"categories":[4],"tags":[449,446,370,448,447,53,443,441,445,444,442],"class_list":["post-49853","post","type-post","status-publish","format-standard","has-post-thumbnail","hentry","category-filmes-e-tv","tag-andrzej-sapkowski","tag-dolph-lundgren","tag-fantasy-movies","tag-hidden-gems-netflix","tag-liam-hemsworth","tag-netflix","tag-os-ratos","tag-season-4","tag-the-rats","tag-the-witcher","tag-witcher-spin-off"],"_links":{"self":[{"href":"https:\/\/bytecosmico.com\/es\/wp-json\/wp\/v2\/posts\/49853","targetHints":{"allow":["GET"]}}],"collection":[{"href":"https:\/\/bytecosmico.com\/es\/wp-json\/wp\/v2\/posts"}],"about":[{"href":"https:\/\/bytecosmico.com\/es\/wp-json\/wp\/v2\/types\/post"}],"author":[{"embeddable":true,"href":"https:\/\/bytecosmico.com\/es\/wp-json\/wp\/v2\/users\/2"}],"replies":[{"embeddable":true,"href":"https:\/\/bytecosmico.com\/es\/wp-json\/wp\/v2\/comments?post=49853"}],"version-history":[{"count":1,"href":"https:\/\/bytecosmico.com\/es\/wp-json\/wp\/v2\/posts\/49853\/revisions"}],"predecessor-version":[{"id":49856,"href":"https:\/\/bytecosmico.com\/es\/wp-json\/wp\/v2\/posts\/49853\/revisions\/49856"}],"wp:featuredmedia":[{"embeddable":true,"href":"https:\/\/bytecosmico.com\/es\/wp-json\/wp\/v2\/media\/49855"}],"wp:attachment":[{"href":"https:\/\/bytecosmico.com\/es\/wp-json\/wp\/v2\/media?parent=49853"}],"wp:term":[{"taxonomy":"category","embeddable":true,"href":"https:\/\/bytecosmico.com\/es\/wp-json\/wp\/v2\/categories?post=49853"},{"taxonomy":"post_tag","embeddable":true,"href":"https:\/\/bytecosmico.com\/es\/wp-json\/wp\/v2\/tags?post=49853"}],"curies":[{"name":"wp","href":"https:\/\/api.w.org\/{rel}","templated":true}]}}