{"id":49804,"date":"2026-01-03T22:07:00","date_gmt":"2026-01-03T22:07:00","guid":{"rendered":"https:\/\/bytecosmico.com\/?p=49804"},"modified":"2026-01-03T22:07:01","modified_gmt":"2026-01-03T22:07:01","slug":"year-of-giants-anime-2026-frieren-jjk-ghost-in-the-shell","status":"publish","type":"post","link":"https:\/\/bytecosmico.com\/es\/year-of-giants-anime-2026-frieren-jjk-ghost-in-the-shell\/","title":{"rendered":"El A\u00f1o de los Gigantes: Frieren, Jujutsu Kaisen y los 5 Animes que Romper\u00e1n Internet en 2026"},"content":{"rendered":"<div>\n<p>Si pensabas que 2025 fue un a\u00f1o fuerte para la animaci\u00f3n japonesa, prep\u00e1rate. El calendario de 2026 no solo trae nuevas temporadas de franquicias colosales, sino que tambi\u00e9n re\u00fane &#8220;dream teams&#8221; de estudios y autores legendarios.<\/p>\n\n\n\n<p>Para asegurarnos de que no pierdas el tiempo, hemos filtrado el calendario y seleccionado los 5 estrenos <strong>obligatorios<\/strong> del a\u00f1o. Desde el regreso de la elfa que conquist\u00f3 el mundo hasta la reinvenci\u00f3n psicod\u00e9lica del cyberpunk, aqu\u00ed tienes tu lista de prioridades.<\/p>\n\n\n\n<h2 class=\"wp-block-heading\">1. Jujutsu Kaisen &#8211; Temporada 3<\/h2>\n\n\n\n<figure class=\"gb-element-3321ceab\">\n<img loading=\"lazy\" decoding=\"async\" width=\"768\" height=\"453\" class=\"gb-media-f5d50fcb\" alt=\"\" src=\"https:\/\/bytecosmico.com\/wp-content\/uploads\/2026\/01\/Captura-de-tela-2026-01-03-184244-768x453.png\" title=\"Captura de tela 2026-01-03 184244\" srcset=\"https:\/\/bytecosmico.com\/wp-content\/uploads\/2026\/01\/Captura-de-tela-2026-01-03-184244-768x453.png 768w, https:\/\/bytecosmico.com\/wp-content\/uploads\/2026\/01\/Captura-de-tela-2026-01-03-184244-300x177.png 300w, https:\/\/bytecosmico.com\/wp-content\/uploads\/2026\/01\/Captura-de-tela-2026-01-03-184244-1024x603.png 1024w, https:\/\/bytecosmico.com\/wp-content\/uploads\/2026\/01\/Captura-de-tela-2026-01-03-184244-1536x905.png 1536w, https:\/\/bytecosmico.com\/wp-content\/uploads\/2026\/01\/Captura-de-tela-2026-01-03-184244-18x12.png 18w, https:\/\/bytecosmico.com\/wp-content\/uploads\/2026\/01\/Captura-de-tela-2026-01-03-184244.png 1614w\" sizes=\"auto, (max-width: 768px) 100vw, 768px\" \/>\n\n\n\n<figcaption class=\"gb-text\">Imagen Ilustrativa: Jujutsu Kaisen<\/figcaption>\n<\/figure>\n\n\n\n<ul class=\"wp-block-list\">\n<li><strong>Estreno:<\/strong> 8 de enero de 2026 (Crunchyroll)<\/li>\n<\/ul>\n\n\n\n<p>El a\u00f1o arranca con un peso pesado. Tras los traum\u00e1ticos eventos de Shibuya, Yuji Itadori regresa para el &#8220;Viaje a la Extinci\u00f3n&#8221; (Culling Game). MAPPA promete elevar a\u00fan m\u00e1s el nivel de la animaci\u00f3n en un arco centrado en batallas estrat\u00e9gicas y brutales. Es el t\u00edtulo indispensable para quienes buscan acci\u00f3n fren\u00e9tica desde la primera semana del a\u00f1o.<\/p>\n\n\n\n<h2 class=\"wp-block-heading\">2. Frieren: Tras finalizar el viaje &#8211; Temporada 2<\/h2>\n\n\n\n<figure class=\"gb-element-39dd8be6\">\n<img loading=\"lazy\" decoding=\"async\" width=\"768\" height=\"433\" class=\"gb-media-3040eaac\" alt=\"\" src=\"https:\/\/bytecosmico.com\/wp-content\/uploads\/2026\/01\/Captura-de-tela-2026-01-03-184133-768x433.png\" title=\"Captura de tela 2026-01-03 184133\" srcset=\"https:\/\/bytecosmico.com\/wp-content\/uploads\/2026\/01\/Captura-de-tela-2026-01-03-184133-768x433.png 768w, https:\/\/bytecosmico.com\/wp-content\/uploads\/2026\/01\/Captura-de-tela-2026-01-03-184133-300x169.png 300w, https:\/\/bytecosmico.com\/wp-content\/uploads\/2026\/01\/Captura-de-tela-2026-01-03-184133-1024x577.png 1024w, https:\/\/bytecosmico.com\/wp-content\/uploads\/2026\/01\/Captura-de-tela-2026-01-03-184133-18x10.png 18w, https:\/\/bytecosmico.com\/wp-content\/uploads\/2026\/01\/Captura-de-tela-2026-01-03-184133.png 1497w\" sizes=\"auto, (max-width: 768px) 100vw, 768px\" \/>\n\n\n\n<figcaption class=\"gb-text\">Imagen Ilustrativa: Frieren: Tras finalizar el viaje<\/figcaption>\n<\/figure>\n\n\n\n<ul class=\"wp-block-list\">\n<li><strong>Estreno:<\/strong> 16 de enero de 2026 (Crunchyroll)<\/li>\n<\/ul>\n\n\n\n<p>Apenas unos d\u00edas despu\u00e9s de JJK, cambiamos el tono a la fantas\u00eda contemplativa. La obra maestra que redefini\u00f3 el g\u00e9nero regresa. Acompa\u00f1aremos a la maga elfa Frieren continuando su viaje hacia Aureole (el lugar donde descansan las almas). Espera m\u00e1s momentos conmovedores, una banda sonora impecable y esa dulce melancol\u00eda que solo <em>Frieren<\/em> sabe entregar.<\/p>\n\n\n\n<h2 class=\"wp-block-heading\">3. The Ghost in the Shell (2026)<\/h2>\n\n\n\n<figure class=\"gb-element-be002daf\">\n<img loading=\"lazy\" decoding=\"async\" width=\"768\" height=\"459\" class=\"gb-media-62ced0ec\" alt=\"\" src=\"https:\/\/bytecosmico.com\/wp-content\/uploads\/2026\/01\/Captura-de-tela-2026-01-03-184329-768x459.png\" title=\"Captura de tela 2026-01-03 184329\" srcset=\"https:\/\/bytecosmico.com\/wp-content\/uploads\/2026\/01\/Captura-de-tela-2026-01-03-184329-768x459.png 768w, https:\/\/bytecosmico.com\/wp-content\/uploads\/2026\/01\/Captura-de-tela-2026-01-03-184329-300x179.png 300w, https:\/\/bytecosmico.com\/wp-content\/uploads\/2026\/01\/Captura-de-tela-2026-01-03-184329-1024x612.png 1024w, https:\/\/bytecosmico.com\/wp-content\/uploads\/2026\/01\/Captura-de-tela-2026-01-03-184329-18x12.png 18w, https:\/\/bytecosmico.com\/wp-content\/uploads\/2026\/01\/Captura-de-tela-2026-01-03-184329.png 1247w\" sizes=\"auto, (max-width: 768px) 100vw, 768px\" \/>\n\n\n\n<figcaption class=\"gb-text\">Imagen Ilustrativa: The Ghost in the Shell<\/figcaption>\n<\/figure>\n\n\n\n<ul class=\"wp-block-list\">\n<li><strong>Estreno:<\/strong> 2026 (Fecha por confirmar)<\/li>\n<\/ul>\n\n\n\n<p>Esta es la gran apuesta &#8220;de culto&#8221; del a\u00f1o. El manga cl\u00e1sico de Masamune Shirow ser\u00e1 readaptado, pero con un toque especial: la animaci\u00f3n corre a cargo de <strong>Science Saru<\/strong> (el estudio visionario detr\u00e1s de <em>Devilman Crybaby<\/em> y <em>Scott Pilgrim<\/em>). Espera una est\u00e9tica vibrante, psicod\u00e9lica y fiel al material original, revitalizando el cyberpunk para una nueva generaci\u00f3n.<\/p>\n\n\n\n<h2 class=\"wp-block-heading\">4. Yomi no Tsugai (Daemons of the Shadow Realm)<\/h2>\n\n\n\n<figure class=\"gb-element-78990a96\">\n<img loading=\"lazy\" decoding=\"async\" width=\"768\" height=\"431\" class=\"gb-media-6c365cd6\" alt=\"\" src=\"https:\/\/bytecosmico.com\/wp-content\/uploads\/2026\/01\/Captura-de-tela-2026-01-03-184351-768x431.png\" title=\"Captura de tela 2026-01-03 184351\" srcset=\"https:\/\/bytecosmico.com\/wp-content\/uploads\/2026\/01\/Captura-de-tela-2026-01-03-184351-768x431.png 768w, https:\/\/bytecosmico.com\/wp-content\/uploads\/2026\/01\/Captura-de-tela-2026-01-03-184351-300x168.png 300w, https:\/\/bytecosmico.com\/wp-content\/uploads\/2026\/01\/Captura-de-tela-2026-01-03-184351-1024x575.png 1024w, https:\/\/bytecosmico.com\/wp-content\/uploads\/2026\/01\/Captura-de-tela-2026-01-03-184351-18x10.png 18w, https:\/\/bytecosmico.com\/wp-content\/uploads\/2026\/01\/Captura-de-tela-2026-01-03-184351.png 1494w\" sizes=\"auto, (max-width: 768px) 100vw, 768px\" \/>\n\n\n\n<figcaption class=\"gb-text\">Imagen Ilustrativa: Yomi no Tsugai<\/figcaption>\n<\/figure>\n\n\n\n<ul class=\"wp-block-list\">\n<li><strong>Estreno:<\/strong> Abril de 2026 (Crunchyroll)<\/li>\n<\/ul>\n\n\n\n<p>Atenci\u00f3n, hu\u00e9rfanos de <em>Fullmetal Alchemist<\/em>: la creadora Hiromu Arakawa ha vuelto, y el estudio <strong>Bones<\/strong> tambi\u00e9n. Esta reuni\u00f3n hist\u00f3rica trae la adaptaci\u00f3n de <em>Yomi no Tsugai<\/em>, una fantas\u00eda sobre gemelos separados y entidades sobrenaturales. Con este pedigr\u00ed de autor y estudio, es la apuesta m\u00e1s segura de \u00e9xito de la temporada de primavera.<\/p>\n\n\n\n<h2 class=\"wp-block-heading\">5. Los Diarios de la Boticaria &#8211; Temporada 3<\/h2>\n\n\n\n<figure class=\"gb-element-1a8a6be4\">\n<img loading=\"lazy\" decoding=\"async\" width=\"768\" height=\"430\" class=\"gb-media-5f23e6ff\" alt=\"\" src=\"https:\/\/bytecosmico.com\/wp-content\/uploads\/2026\/01\/Captura-de-tela-2026-01-03-184306-768x430.png\" title=\"Captura de tela 2026-01-03 184306\" srcset=\"https:\/\/bytecosmico.com\/wp-content\/uploads\/2026\/01\/Captura-de-tela-2026-01-03-184306-768x430.png 768w, https:\/\/bytecosmico.com\/wp-content\/uploads\/2026\/01\/Captura-de-tela-2026-01-03-184306-300x168.png 300w, https:\/\/bytecosmico.com\/wp-content\/uploads\/2026\/01\/Captura-de-tela-2026-01-03-184306-1024x574.png 1024w, https:\/\/bytecosmico.com\/wp-content\/uploads\/2026\/01\/Captura-de-tela-2026-01-03-184306-18x10.png 18w, https:\/\/bytecosmico.com\/wp-content\/uploads\/2026\/01\/Captura-de-tela-2026-01-03-184306.png 1198w\" sizes=\"auto, (max-width: 768px) 100vw, 768px\" \/>\n\n\n\n<figcaption class=\"gb-text\">Imagen Ilustrativa: Los Diarios de la Boticaria<\/figcaption>\n<\/figure>\n\n\n\n<ul class=\"wp-block-list\">\n<li><strong>Estreno:<\/strong> Oto\u00f1o de 2026 (Crunchyroll)<\/li>\n<\/ul>\n\n\n\n<p>Maomao no descansa. Tras el \u00e9xito rotundo de las temporadas anteriores, la boticaria m\u00e1s astuta de la Corte Imperial regresa a finales de a\u00f1o. La trama promete profundizar en las intrigas pol\u00edticas y los misterios m\u00e9dicos, manteniendo el humor \u00e1cido de la protagonista. Es la prueba de que los animes de misterio y drama hist\u00f3rico han llegado para quedarse en el mainstream.<\/p>\n\n\n\n<p><em>Fuente: Crunchyroll \/ Anuncios Oficiales de los Estudios.<\/em><\/p>\n<\/div>","protected":false},"excerpt":{"rendered":"<p>Se voc\u00ea achou que 2025 foi um ano forte para a anima\u00e7\u00e3o japonesa, prepare-se. O calend\u00e1rio de 2026 n\u00e3o est\u00e1 apenas trazendo novas temporadas de franquias colossais, mas tamb\u00e9m reunindo &#8220;dream teams&#8221; de est\u00fadios e autores lend\u00e1rios. Para garantir que voc\u00ea n\u00e3o perca tempo, filtramos o calend\u00e1rio e selecionamos as 5 estreias obrigat\u00f3rias do ano. &#8230; <a title=\"El A\u00f1o de los Gigantes: Frieren, Jujutsu Kaisen y los 5 Animes que Romper\u00e1n Internet en 2026\" class=\"read-more\" href=\"https:\/\/bytecosmico.com\/es\/year-of-giants-anime-2026-frieren-jjk-ghost-in-the-shell\/\" aria-label=\"Leer m\u00e1s sobre O Ano dos Gigantes: Frieren, Jujutsu Kaisen e os 5 Animes que V\u00e3o Parar a Internet em 2026\">Leer m\u00e1s<\/a><\/p>","protected":false},"author":2,"featured_media":49807,"comment_status":"closed","ping_status":"open","sticky":false,"template":"","format":"standard","meta":{"footnotes":""},"categories":[2],"tags":[395,405,401,402,397,399,396,404,403,398,400],"class_list":["post-49804","post","type-post","status-publish","format-standard","has-post-thumbnail","hentry","category-geek","tag-anime-2026","tag-best-anime-of-the-year","tag-crunchyroll-premieres","tag-daemons-of-the-shadow-realm","tag-frieren-season-2","tag-ghost-in-the-shell-science-saru","tag-jujutsu-kaisen-season-3","tag-mappa","tag-studio-bones","tag-the-apothecary-diaries","tag-yomi-no-tsugai"],"_links":{"self":[{"href":"https:\/\/bytecosmico.com\/es\/wp-json\/wp\/v2\/posts\/49804","targetHints":{"allow":["GET"]}}],"collection":[{"href":"https:\/\/bytecosmico.com\/es\/wp-json\/wp\/v2\/posts"}],"about":[{"href":"https:\/\/bytecosmico.com\/es\/wp-json\/wp\/v2\/types\/post"}],"author":[{"embeddable":true,"href":"https:\/\/bytecosmico.com\/es\/wp-json\/wp\/v2\/users\/2"}],"replies":[{"embeddable":true,"href":"https:\/\/bytecosmico.com\/es\/wp-json\/wp\/v2\/comments?post=49804"}],"version-history":[{"count":1,"href":"https:\/\/bytecosmico.com\/es\/wp-json\/wp\/v2\/posts\/49804\/revisions"}],"predecessor-version":[{"id":49813,"href":"https:\/\/bytecosmico.com\/es\/wp-json\/wp\/v2\/posts\/49804\/revisions\/49813"}],"wp:featuredmedia":[{"embeddable":true,"href":"https:\/\/bytecosmico.com\/es\/wp-json\/wp\/v2\/media\/49807"}],"wp:attachment":[{"href":"https:\/\/bytecosmico.com\/es\/wp-json\/wp\/v2\/media?parent=49804"}],"wp:term":[{"taxonomy":"category","embeddable":true,"href":"https:\/\/bytecosmico.com\/es\/wp-json\/wp\/v2\/categories?post=49804"},{"taxonomy":"post_tag","embeddable":true,"href":"https:\/\/bytecosmico.com\/es\/wp-json\/wp\/v2\/tags?post=49804"}],"curies":[{"name":"wp","href":"https:\/\/api.w.org\/{rel}","templated":true}]}}