{"id":49781,"date":"2026-01-04T00:05:37","date_gmt":"2026-01-04T00:05:37","guid":{"rendered":"https:\/\/bytecosmico.com\/?p=49781"},"modified":"2026-01-04T00:05:38","modified_gmt":"2026-01-04T00:05:38","slug":"estrenos-franquicia-batman-2026-guia-completa","status":"publish","type":"post","link":"https:\/\/bytecosmico.com\/es\/estrenos-franquicia-batman-2026-guia-completa\/","title":{"rendered":"El A\u00f1o del Murci\u00e9lago: Estrenos de la Franquicia Batman para Vigilar en 2026"},"content":{"rendered":"<div>\n<p>Mientras el mundo espera el regreso de Robert Pattinson en <em>The Batman Part II<\/em> (ahora en plena fase de producci\u00f3n), 2026 no dejar\u00e1 hu\u00e9rfanos a los fans de Gotham. Al contrario, este a\u00f1o ser\u00e1 clave para la diversificaci\u00f3n del &#8220;Bat-verso&#8221;, mezclando el terror del sello <em>Elseworlds<\/em> de Matt Reeves con nuevas propuestas animadas y la consolidaci\u00f3n del nuevo DCU de James Gunn.<\/p>\n\n\n\n<h2 class=\"wp-block-heading\">1. Clayface (Cara de Barro)<\/h2>\n\n\n\n<figure class=\"gb-element-cef9ee7c\">\n<img loading=\"lazy\" decoding=\"async\" width=\"768\" height=\"403\" class=\"gb-media-66ee999d\" alt=\"\" src=\"https:\/\/bytecosmico.com\/wp-content\/uploads\/2026\/01\/b7bb54b297badcaba61834f5dff063b7-768x403.jpg\" title=\"b7bb54b297badcaba61834f5dff063b7\" srcset=\"https:\/\/bytecosmico.com\/wp-content\/uploads\/2026\/01\/b7bb54b297badcaba61834f5dff063b7-768x403.jpg 768w, https:\/\/bytecosmico.com\/wp-content\/uploads\/2026\/01\/b7bb54b297badcaba61834f5dff063b7-300x158.jpg 300w, https:\/\/bytecosmico.com\/wp-content\/uploads\/2026\/01\/b7bb54b297badcaba61834f5dff063b7-1024x538.jpg 1024w, https:\/\/bytecosmico.com\/wp-content\/uploads\/2026\/01\/b7bb54b297badcaba61834f5dff063b7-1536x806.jpg 1536w, https:\/\/bytecosmico.com\/wp-content\/uploads\/2026\/01\/b7bb54b297badcaba61834f5dff063b7-18x9.jpg 18w, https:\/\/bytecosmico.com\/wp-content\/uploads\/2026\/01\/b7bb54b297badcaba61834f5dff063b7.jpg 1920w\" sizes=\"auto, (max-width: 768px) 100vw, 768px\" \/>\n\n\n\n<p><\/p>\n\n\n\n<figcaption class=\"gb-text\">Imagen ilustrativa: Clayface (2026)<\/figcaption>\n\n\n\n<p><\/p>\n<\/figure>\n\n\n\n<p><strong>Fecha Estimada:<\/strong> Septiembre de 2026 Posiblemente la apuesta m\u00e1s arriesgada de Warner. Producida por Matt Reeves, esta pel\u00edcula promete adentrarse en el <em>body horror<\/em>, ofreciendo una visi\u00f3n visceral de uno de los villanos m\u00e1s tr\u00e1gicos de Batman. M\u00e1s all\u00e1 de sus conexiones con el universo de Pattinson, es una pieza fundamental para mantener el tono oscuro y adulto de la saga &#8220;Crime Epic&#8221; en la gran pantalla.<\/p>\n\n\n\n<h2 class=\"wp-block-heading\">2. Batman: Knightfall \u2013 Parte 1<\/h2>\n\n\n\n<figure class=\"gb-element-cef9ee7c\">\n<img loading=\"lazy\" decoding=\"async\" width=\"768\" height=\"576\" class=\"gb-media-d2404105\" alt=\"\" src=\"https:\/\/bytecosmico.com\/wp-content\/uploads\/2026\/01\/discussion-what-are-your-opinions-on-batman-knightfall-v0-mo4q7yynpi2a1-1-768x576.png\" title=\"discussion-what-are-your-opinions-on-batman-knightfall-v0-mo4q7yynpi2a1 (1)\" srcset=\"https:\/\/bytecosmico.com\/wp-content\/uploads\/2026\/01\/discussion-what-are-your-opinions-on-batman-knightfall-v0-mo4q7yynpi2a1-1-768x576.png 768w, https:\/\/bytecosmico.com\/wp-content\/uploads\/2026\/01\/discussion-what-are-your-opinions-on-batman-knightfall-v0-mo4q7yynpi2a1-1-300x225.png 300w, https:\/\/bytecosmico.com\/wp-content\/uploads\/2026\/01\/discussion-what-are-your-opinions-on-batman-knightfall-v0-mo4q7yynpi2a1-1-1024x768.png 1024w, https:\/\/bytecosmico.com\/wp-content\/uploads\/2026\/01\/discussion-what-are-your-opinions-on-batman-knightfall-v0-mo4q7yynpi2a1-1-1536x1152.png 1536w, https:\/\/bytecosmico.com\/wp-content\/uploads\/2026\/01\/discussion-what-are-your-opinions-on-batman-knightfall-v0-mo4q7yynpi2a1-1-16x12.png 16w, https:\/\/bytecosmico.com\/wp-content\/uploads\/2026\/01\/discussion-what-are-your-opinions-on-batman-knightfall-v0-mo4q7yynpi2a1-1.png 1600w\" sizes=\"auto, (max-width: 768px) 100vw, 768px\" \/>\n\n\n\n<p><\/p>\n\n\n\n<figcaption class=\"gb-text\">Imagen ilustrativa: Batman: La Ca\u00edda del Murci\u00e9lago (C\u00f3mics)<\/figcaption>\n\n\n\n<p><\/p>\n<\/figure>\n\n\n\n<p><strong>Formato:<\/strong> Pel\u00edcula Animada <\/p>\n\n\n\n<p>La legendaria saga &#8220;La Ca\u00edda del Murci\u00e9lago&#8221; (1993), donde Bane rompe a Bruce Wayne, recibe por fin una adaptaci\u00f3n fiel. DC Animation brilla en estos formatos largos, y se espera que esta producci\u00f3n explore el desgaste f\u00edsico y psicol\u00f3gico del h\u00e9roe con una profundidad rara vez vista fuera de los c\u00f3mics.<\/p>\n\n\n\n<h2 class=\"wp-block-heading\">3. Lego Batman: Legacy of the Dark Knight<\/h2>\n\n\n\n<figure class=\"gb-element-cef9ee7c\">\n<img loading=\"lazy\" decoding=\"async\" width=\"768\" height=\"432\" class=\"gb-media-77043b68\" alt=\"\" src=\"https:\/\/bytecosmico.com\/wp-content\/uploads\/2026\/01\/dinner-2np91-768x432.jpg\" title=\"dinner-2np91\" srcset=\"https:\/\/bytecosmico.com\/wp-content\/uploads\/2026\/01\/dinner-2np91-768x432.jpg 768w, https:\/\/bytecosmico.com\/wp-content\/uploads\/2026\/01\/dinner-2np91-300x169.jpg 300w, https:\/\/bytecosmico.com\/wp-content\/uploads\/2026\/01\/dinner-2np91-1024x576.jpg 1024w, https:\/\/bytecosmico.com\/wp-content\/uploads\/2026\/01\/dinner-2np91-1536x864.jpg 1536w, https:\/\/bytecosmico.com\/wp-content\/uploads\/2026\/01\/dinner-2np91-2048x1152.jpg 2048w, https:\/\/bytecosmico.com\/wp-content\/uploads\/2026\/01\/dinner-2np91-18x10.jpg 18w\" sizes=\"auto, (max-width: 768px) 100vw, 768px\" \/>\n\n\n\n<p><\/p>\n\n\n\n<figcaption class=\"gb-text\">Imagen ilustrativa: Batman: Legacy of The Dark Knight<\/figcaption>\n\n\n\n<p><\/p>\n<\/figure>\n\n\n\n<p><strong>Formato:<\/strong> Videojuego <\/p>\n\n\n\n<p>Previsto para mayo, este t\u00edtulo de TT Games aspira a ser la &#8220;Saga Skywalker&#8221; de Batman. Los rumores apuntan a un mundo abierto que unifica las eras cinematogr\u00e1ficas del personaje, desde Burton hasta Nolan. Es el contrapunto l\u00fadico perfecto para un a\u00f1o cargado de narrativas intensas.<\/p>\n\n\n\n<h2 class=\"wp-block-heading\">4. Batman: Caped Crusader (Temporada 2)<\/h2>\n\n\n\n<figure class=\"gb-element-6dd611fd\">\n<img loading=\"lazy\" decoding=\"async\" width=\"768\" height=\"432\" class=\"gb-media-26f53a60\" alt=\"\" src=\"https:\/\/bytecosmico.com\/wp-content\/uploads\/2026\/01\/Captura-de-tela-2026-01-03-202114-768x432.jpg\" title=\"Captura de tela 2026-01-03 202114\" srcset=\"https:\/\/bytecosmico.com\/wp-content\/uploads\/2026\/01\/Captura-de-tela-2026-01-03-202114-768x432.jpg 768w, https:\/\/bytecosmico.com\/wp-content\/uploads\/2026\/01\/Captura-de-tela-2026-01-03-202114-300x169.jpg 300w, https:\/\/bytecosmico.com\/wp-content\/uploads\/2026\/01\/Captura-de-tela-2026-01-03-202114-1024x576.jpg 1024w, https:\/\/bytecosmico.com\/wp-content\/uploads\/2026\/01\/Captura-de-tela-2026-01-03-202114-1536x864.jpg 1536w, https:\/\/bytecosmico.com\/wp-content\/uploads\/2026\/01\/Captura-de-tela-2026-01-03-202114-18x10.jpg 18w, https:\/\/bytecosmico.com\/wp-content\/uploads\/2026\/01\/Captura-de-tela-2026-01-03-202114.jpg 1637w\" sizes=\"auto, (max-width: 768px) 100vw, 768px\" \/>\n\n\n\n<p><\/p>\n\n\n\n<figcaption class=\"gb-text\"><\/figcaption>\n\n\n\n<figcaption class=\"gb-text\">Imagen ilustrativa: Batman: Caped Crusader &#8211; Temporada 2<\/figcaption>\n\n\n\n<p><\/p>\n<\/figure>\n\n\n\n<p><strong>Plataforma:<\/strong> Prime Video <\/p>\n\n\n\n<p>Tras un debut aclamado que recuper\u00f3 la est\u00e9tica <em>noir<\/em> de los a\u00f1os 40, la serie regresa para consolidarse. La segunda temporada promete profundizar en la galer\u00eda de villanos cl\u00e1sicos bajo la lente de la &#8220;Golden Age&#8221;, reafirm\u00e1ndose como una de las interpretaciones m\u00e1s elegantes del detective en a\u00f1os.<\/p>\n<\/div>","protected":false},"excerpt":{"rendered":"<p>Enquanto o mundo aguarda ansiosamente o retorno de Robert Pattinson em The Batman Part II (agora focado em suas filmagens principais), 2026 n\u00e3o deixar\u00e1 os f\u00e3s de Gotham \u00f3rf\u00e3os. Pelo contr\u00e1rio, o ano promete ser crucial para a expans\u00e3o do universo do Cavaleiro das Trevas, misturando o terror do &#8220;Elseworlds&#8221; de Matt Reeves com novas &#8230; <a title=\"El A\u00f1o del Murci\u00e9lago: Estrenos de la Franquicia Batman para Vigilar en 2026\" class=\"read-more\" href=\"https:\/\/bytecosmico.com\/es\/estrenos-franquicia-batman-2026-guia-completa\/\" aria-label=\"Leer m\u00e1s sobre O Ano do Morcego: Lan\u00e7amentos da Franquia Batman para Ficar de Olho em 2026\">Leer m\u00e1s<\/a><\/p>","protected":false},"author":3,"featured_media":49817,"comment_status":"closed","ping_status":"open","sticky":false,"template":"","format":"standard","meta":{"footnotes":""},"categories":[2,4],"tags":[43,409,410,172,408,407,406],"class_list":["post-49781","post","type-post","status-publish","format-standard","has-post-thumbnail","hentry","category-geek","category-filmes-e-tv","tag-batman","tag-clayface","tag-cultura-pop","tag-dc-comics","tag-filmes-2026","tag-james-gunn","tag-matt-reeves"],"_links":{"self":[{"href":"https:\/\/bytecosmico.com\/es\/wp-json\/wp\/v2\/posts\/49781","targetHints":{"allow":["GET"]}}],"collection":[{"href":"https:\/\/bytecosmico.com\/es\/wp-json\/wp\/v2\/posts"}],"about":[{"href":"https:\/\/bytecosmico.com\/es\/wp-json\/wp\/v2\/types\/post"}],"author":[{"embeddable":true,"href":"https:\/\/bytecosmico.com\/es\/wp-json\/wp\/v2\/users\/3"}],"replies":[{"embeddable":true,"href":"https:\/\/bytecosmico.com\/es\/wp-json\/wp\/v2\/comments?post=49781"}],"version-history":[{"count":6,"href":"https:\/\/bytecosmico.com\/es\/wp-json\/wp\/v2\/posts\/49781\/revisions"}],"predecessor-version":[{"id":50235,"href":"https:\/\/bytecosmico.com\/es\/wp-json\/wp\/v2\/posts\/49781\/revisions\/50235"}],"wp:featuredmedia":[{"embeddable":true,"href":"https:\/\/bytecosmico.com\/es\/wp-json\/wp\/v2\/media\/49817"}],"wp:attachment":[{"href":"https:\/\/bytecosmico.com\/es\/wp-json\/wp\/v2\/media?parent=49781"}],"wp:term":[{"taxonomy":"category","embeddable":true,"href":"https:\/\/bytecosmico.com\/es\/wp-json\/wp\/v2\/categories?post=49781"},{"taxonomy":"post_tag","embeddable":true,"href":"https:\/\/bytecosmico.com\/es\/wp-json\/wp\/v2\/tags?post=49781"}],"curies":[{"name":"wp","href":"https:\/\/api.w.org\/{rel}","templated":true}]}}