{"id":49633,"date":"2025-12-30T21:16:16","date_gmt":"2025-12-30T21:16:16","guid":{"rendered":"https:\/\/bytecosmico.com\/?p=49633"},"modified":"2025-12-30T21:16:17","modified_gmt":"2025-12-30T21:16:17","slug":"stranger-things-5-el-abismo-revelacion-planeada-10-anos","status":"publish","type":"post","link":"https:\/\/bytecosmico.com\/es\/stranger-things-5-el-abismo-revelacion-planeada-10-anos\/","title":{"rendered":"El Secreto de 10 A\u00f1os: C\u00f3mo 'El Abismo' Fue Planeado Desde el Primer D\u00eda de Stranger Things"},"content":{"rendered":"<div>\n<p>La nueva tanda de episodios de la 5\u00aa temporada de <em>Stranger Things<\/em> ha entregado una de las piezas m\u00e1s importantes del rompecabezas que ha acechado a Hawkins durante una d\u00e9cada. Si pensabas que el Mundo del Rev\u00e9s era la fuente de todo mal, estabas equivocado. Los episodios 5 a 7 introdujeron oficialmente &#8220;El Abismo&#8221;, el verdadero hogar de las sombras, revelando que los Hermanos Duffer mantuvieron este secreto guardado desde su primera reuni\u00f3n con Netflix.<\/p>\n\n\n\n<p><strong>El Abismo vs. El Mundo del Rev\u00e9s<\/strong><\/p>\n\n\n\n<figure class=\"gb-element-a3896e68\">\n<img loading=\"lazy\" decoding=\"async\" width=\"768\" height=\"428\" class=\"gb-media-d3ed6c54\" alt=\"\" src=\"https:\/\/bytecosmico.com\/wp-content\/uploads\/2025\/12\/Mundo-Invertido-768x428.png\" title=\"Mundo Invertido\" srcset=\"https:\/\/bytecosmico.com\/wp-content\/uploads\/2025\/12\/Mundo-Invertido-768x428.png 768w, https:\/\/bytecosmico.com\/wp-content\/uploads\/2025\/12\/Mundo-Invertido-300x167.png 300w, https:\/\/bytecosmico.com\/wp-content\/uploads\/2025\/12\/Mundo-Invertido-1024x570.png 1024w, https:\/\/bytecosmico.com\/wp-content\/uploads\/2025\/12\/Mundo-Invertido-18x10.png 18w, https:\/\/bytecosmico.com\/wp-content\/uploads\/2025\/12\/Mundo-Invertido.png 1499w\" sizes=\"auto, (max-width: 768px) 100vw, 768px\" \/>\n\n\n\n<figcaption class=\"gb-text\">Imagen Ilustrativa: Vecna<\/figcaption>\n<\/figure>\n\n\n\n<p>La distinci\u00f3n geogr\u00e1fica finalmente ha quedado clara a trav\u00e9s de las deducciones de Dustin Henderson. El lugar donde Vecna (Henry Creel) reside con los ni\u00f1os capturados \u2014ese desierto rocoso, tormentoso y alien\u00edgena visto en destellos en temporadas pasadas\u2014 no es el Mundo del Rev\u00e9s. Este lugar hostil es El Abismo.<\/p>\n\n\n\n<p>Seg\u00fan la nueva mitolog\u00eda presentada, el Mundo del Rev\u00e9s (la copia congelada de Hawkins) funciona simplemente como un &#8220;puente&#8221; o un t\u00fanel entre nuestra realidad y El Abismo. Fue Eleven quien, inadvertidamente, cre\u00f3 esta conexi\u00f3n al desterrar a Henry, empuj\u00e1ndolo a trav\u00e9s del vac\u00edo hasta que aterriz\u00f3 en esta dimensi\u00f3n original de los monstruos.<\/p>\n\n\n\n<p><strong>El Documento de 20 P\u00e1ginas y la &#8220;Dimensi\u00f3n X&#8221;<\/strong><\/p>\n\n\n\n<p>Lo m\u00e1s impresionante es que esta compleja cosmolog\u00eda no fue escrita ahora. Matt Duffer revel\u00f3 a <em>Variety<\/em> que, ya durante la producci\u00f3n de la 1\u00aa temporada, Netflix exigi\u00f3 una explicaci\u00f3n l\u00f3gica para lo sobrenatural. &#8220;Fuimos enf\u00e1ticos en que no quer\u00edamos explicarlo todo en la serie para mantener el misterio, pero dijeron: &#8216;Est\u00e1 bien, pero a nosotros nos gustar\u00eda saberlo'&#8221;, cont\u00f3 Matt. El resultado fue un documento de mitolog\u00eda de 20 p\u00e1ginas que sirvi\u00f3 como biblia para la serie entera.<\/p>\n\n\n\n<p>En ese documento original, El Abismo ten\u00eda otro nombre: <strong>Dimensi\u00f3n X<\/strong>. La nomenclatura era una referencia directa a las <em>Tortugas Ninja<\/em>, uno de los dibujos animados favoritos de los creadores en los a\u00f1os 80, donde el villano Krang habitaba una dimensi\u00f3n de guerra constante. Aunque la serie opt\u00f3 por el nombre &#8220;El Abismo&#8221; (una referencia m\u00e1s alineada con D&amp;D), el concepto permaneci\u00f3 inalterado durante diez a\u00f1os.<\/p>\n\n\n\n<p>Con el escenario listo y la geograf\u00eda del apocalipsis finalmente mapeada, el n\u00facleo de h\u00e9roes de Hawkins se prepara para invadir El Abismo en el episodio final, que promete ser un evento cinematogr\u00e1fico el 31 de diciembre.<\/p>\n<\/div>","protected":false},"excerpt":{"rendered":"<p>A nova leva de epis\u00f3dios da 5\u00aa temporada de Stranger Things entregou uma das pe\u00e7as mais importantes do quebra-cabe\u00e7a que assombra Hawkins h\u00e1 uma d\u00e9cada. Se voc\u00ea achava que o Mundo Invertido era a fonte de todo o mal, estava enganado. Os epis\u00f3dios 5 a 7 introduziram oficialmente &#8220;O Abismo&#8221;, o verdadeiro lar das sombras, &#8230; <a title=\"O Segredo de 10 Anos: Como &#8216;O Abismo&#8217; Foi Planejado Desde o Primeiro Dia de Stranger Things\" class=\"read-more\" href=\"https:\/\/bytecosmico.com\/es\/stranger-things-5-el-abismo-revelacion-planeada-10-anos\/\" aria-label=\"Leer m\u00e1s sobre O Segredo de 10 Anos: Como &#8216;O Abismo&#8217; Foi Planejado Desde o Primeiro Dia de Stranger Things\">Leer m\u00e1s<\/a><\/p>","protected":false},"author":2,"featured_media":49634,"comment_status":"closed","ping_status":"open","sticky":false,"template":"","format":"standard","meta":{"footnotes":""},"categories":[4],"tags":[199,201,205,204,209,206,207,203,196,202,208,198,200,197],"class_list":["post-49633","post","type-post","status-publish","format-standard","has-post-thumbnail","hentry","category-filmes-e-tv","tag-dimension-x","tag-duffer-brothers","tag-dungeons-dragons","tag-dustin-henderson","tag-eleven","tag-henry-creel","tag-netflix-series","tag-series-finale","tag-stranger-things-season-5","tag-teenage-mutant-ninja-turtles","tag-the-abyss","tag-tv-show-mythology","tag-upside-down","tag-vecna"],"_links":{"self":[{"href":"https:\/\/bytecosmico.com\/es\/wp-json\/wp\/v2\/posts\/49633","targetHints":{"allow":["GET"]}}],"collection":[{"href":"https:\/\/bytecosmico.com\/es\/wp-json\/wp\/v2\/posts"}],"about":[{"href":"https:\/\/bytecosmico.com\/es\/wp-json\/wp\/v2\/types\/post"}],"author":[{"embeddable":true,"href":"https:\/\/bytecosmico.com\/es\/wp-json\/wp\/v2\/users\/2"}],"replies":[{"embeddable":true,"href":"https:\/\/bytecosmico.com\/es\/wp-json\/wp\/v2\/comments?post=49633"}],"version-history":[{"count":1,"href":"https:\/\/bytecosmico.com\/es\/wp-json\/wp\/v2\/posts\/49633\/revisions"}],"predecessor-version":[{"id":49635,"href":"https:\/\/bytecosmico.com\/es\/wp-json\/wp\/v2\/posts\/49633\/revisions\/49635"}],"wp:featuredmedia":[{"embeddable":true,"href":"https:\/\/bytecosmico.com\/es\/wp-json\/wp\/v2\/media\/49634"}],"wp:attachment":[{"href":"https:\/\/bytecosmico.com\/es\/wp-json\/wp\/v2\/media?parent=49633"}],"wp:term":[{"taxonomy":"category","embeddable":true,"href":"https:\/\/bytecosmico.com\/es\/wp-json\/wp\/v2\/categories?post=49633"},{"taxonomy":"post_tag","embeddable":true,"href":"https:\/\/bytecosmico.com\/es\/wp-json\/wp\/v2\/tags?post=49633"}],"curies":[{"name":"wp","href":"https:\/\/api.w.org\/{rel}","templated":true}]}}