{"id":49527,"date":"2025-12-28T20:16:49","date_gmt":"2025-12-28T20:16:49","guid":{"rendered":"https:\/\/bytecosmico.com\/?p=49527"},"modified":"2025-12-28T20:16:50","modified_gmt":"2025-12-28T20:16:50","slug":"crisis-pc-ia-escasez-ram-hasta-2027","status":"publish","type":"post","link":"https:\/\/bytecosmico.com\/es\/crisis-pc-ia-escasez-ram-hasta-2027\/","title":{"rendered":"La Nueva Crisis del PC: La IA Provoca una Escasez de RAM que Podr\u00eda Durar hasta 2027"},"content":{"rendered":"<div>\n<p>El a\u00f1o 2025 parec\u00eda terminar con optimismo para el hardware de PC, con avances s\u00f3lidos en CPUs y GPUs. Sin embargo, ha llegado una tormenta silenciosa. La industria se enfrenta ahora a un &#8220;superciclo de DRAM&#8221; provocado por la insaciable demanda de la Inteligencia Artificial, absorbiendo el suministro global de memoria y dejando a los consumidores en segundo plano.<\/p>\n\n\n\n<p>Grandes fabricantes de PCs como Dell, Lenovo y ASUS ya est\u00e1n reaccionando, y la previsi\u00f3n no es buena: la escasez de memoria RAM podr\u00eda extenderse hasta finales de 2027.<\/p>\n\n\n\n<h2 class=\"wp-block-heading\">\u00bfPor Qu\u00e9 la IA es la Culpable?<\/h2>\n\n\n\n<figure>\n<figure class=\"gb-element-b87885d7\">\n<img loading=\"lazy\" decoding=\"async\" width=\"768\" height=\"462\" class=\"gb-media-6e887489\" alt=\"\" src=\"https:\/\/bytecosmico.com\/wp-content\/uploads\/2025\/12\/Captura-de-tela-2025-12-28-170416-768x462.png\" title=\"Captura de tela 2025-12-28 170416\" srcset=\"https:\/\/bytecosmico.com\/wp-content\/uploads\/2025\/12\/Captura-de-tela-2025-12-28-170416-768x462.png 768w, https:\/\/bytecosmico.com\/wp-content\/uploads\/2025\/12\/Captura-de-tela-2025-12-28-170416-300x180.png 300w, https:\/\/bytecosmico.com\/wp-content\/uploads\/2025\/12\/Captura-de-tela-2025-12-28-170416-18x12.png 18w, https:\/\/bytecosmico.com\/wp-content\/uploads\/2025\/12\/Captura-de-tela-2025-12-28-170416.png 970w\" sizes=\"auto, (max-width: 768px) 100vw, 768px\" \/>\n\n\n\n<figcaption class=\"gb-text\">Imagen Ilustrativa: Intelig\u00eancia Artificial<\/figcaption>\n<\/figure>\n<\/figure>\n\n\n\n<p>El coraz\u00f3n del problema es t\u00e9cnico y econ\u00f3mico. El entrenamiento de modelos de IA avanzados (como GPT-5.2) requiere memoria de alt\u00edsima velocidad, conocida como <strong>HBM (High Bandwidth Memory)<\/strong>.<\/p>\n\n\n\n<p>Fabricar 1 bit de HBM consume cerca de <strong>3 veces m\u00e1s recursos de wafer<\/strong> que 1 bit de memoria DDR5 est\u00e1ndar. Como la HBM es mucho m\u00e1s rentable, gigantes como Samsung y SK Hynix han convertido l\u00edneas de producci\u00f3n enteras para atender a los centros de datos de IA, sacrificando la producci\u00f3n de memoria para el consumidor final. Se estima que, en 2026, la IA consumir\u00e1 por s\u00ed sola el 20% de toda la producci\u00f3n mundial de DRAM.<\/p>\n\n\n\n<h2 class=\"wp-block-heading\">El Impacto en Tu Bolsillo<\/h2>\n\n\n\n<p>La escasez ya est\u00e1 elevando los precios de forma agresiva. Dell, por ejemplo, ha anunciado aumentos que pueden llegar a <strong>765 $<\/strong> para sistemas con 128GB de RAM. Incluso los port\u00e1tiles gaming con las nuevas GPUs NVIDIA RTX Serie 50 est\u00e1n sufriendo reajustes de precio solo por el coste de la memoria integrada.<\/p>\n\n\n\n<p>Los fabricantes se ven forzados a tres caminos dif\u00edciles:<\/p>\n\n\n\n<ol start=\"1\" class=\"wp-block-list\">\n<li><strong>Aumentar precios<\/strong> dr\u00e1sticamente.<\/li>\n\n\n\n<li><strong>Reducir especificaciones<\/strong> (volviendo a vender port\u00e1tiles con 8GB como est\u00e1ndar, un retroceso).<\/li>\n\n\n\n<li><strong>Retrasar lanzamientos<\/strong> de productos premium.<\/li>\n<\/ol>\n\n\n\n<h2 class=\"wp-block-heading\">\u00bfQu\u00e9 Hacer Ahora?<\/h2>\n\n\n\n<p>Si planeabas montar un PC o hacer una mejora, el consejo de expertos como Wallace Santos (CEO de MAINGEAR) es claro: <strong>no esperes<\/strong>. La tendencia es que empeore en 2026.<\/p>\n\n\n\n<p>Sin embargo, evita el p\u00e1nico (FOMO). Si ya tienes 16GB o 32GB de RAM, aguanta con tu sistema actual. Si necesitas urgentemente una m\u00e1quina nueva, los PCs pre-montados (pre-builts) pueden ser, ir\u00f3nicamente, la opci\u00f3n m\u00e1s barata en este momento, ya que sus precios a\u00fan reflejan contratos de stock antiguos. El mercado de segunda mano tambi\u00e9n se convierte en una alternativa viable para encontrar DDR4 y DDR5 a precios justos.<\/p>\n\n\n\n<p><em>Fuente: Wccftech \/ An\u00e1lisis de Mercado de Muhammad Zuhair.<\/em><\/p>\n<\/div>","protected":false},"excerpt":{"rendered":"<p>O ano de 2025 parecia estar terminando com otimismo para o hardware de PC, com avan\u00e7os s\u00f3lidos em CPUs e GPUs. No entanto, uma tempestade silenciosa chegou. A ind\u00fastria enfrenta agora um &#8220;superciclo de DRAM&#8221; provocado pela insaci\u00e1vel demanda da Intelig\u00eancia Artificial, sugando a oferta global de mem\u00f3ria e deixando os consumidores em segundo plano. &#8230; <a title=\"La Nueva Crisis del PC: La IA Provoca una Escasez de RAM que Podr\u00eda Durar hasta 2027\" class=\"read-more\" href=\"https:\/\/bytecosmico.com\/es\/crisis-pc-ia-escasez-ram-hasta-2027\/\" aria-label=\"Leer m\u00e1s sobre A Nova Crise dos PCs: IA Provoca Escassez de RAM que Pode Durar at\u00e9 2027\">Leer m\u00e1s<\/a><\/p>","protected":false},"author":2,"featured_media":49528,"comment_status":"closed","ping_status":"open","sticky":false,"template":"","format":"standard","meta":{"footnotes":""},"categories":[7],"tags":[94,96,98,91,90,102,93,92,37,101,87,89,95,88,99,100,97],"class_list":["post-49527","post","type-post","status-publish","format-standard","has-post-thumbnail","hentry","category-tecnologia","tag-ai-demand","tag-artificial-intelligence","tag-computer-parts","tag-ddr5-memory","tag-dram-crisis","tag-hardware-news-2026","tag-hbm","tag-high-bandwidth-memory","tag-nvidia","tag-pc-building","tag-pc-gaming","tag-pc-hardware","tag-price-inflation","tag-ram-shortage","tag-samsung","tag-sk-hynix","tag-tech-market-analysis"],"_links":{"self":[{"href":"https:\/\/bytecosmico.com\/es\/wp-json\/wp\/v2\/posts\/49527","targetHints":{"allow":["GET"]}}],"collection":[{"href":"https:\/\/bytecosmico.com\/es\/wp-json\/wp\/v2\/posts"}],"about":[{"href":"https:\/\/bytecosmico.com\/es\/wp-json\/wp\/v2\/types\/post"}],"author":[{"embeddable":true,"href":"https:\/\/bytecosmico.com\/es\/wp-json\/wp\/v2\/users\/2"}],"replies":[{"embeddable":true,"href":"https:\/\/bytecosmico.com\/es\/wp-json\/wp\/v2\/comments?post=49527"}],"version-history":[{"count":2,"href":"https:\/\/bytecosmico.com\/es\/wp-json\/wp\/v2\/posts\/49527\/revisions"}],"predecessor-version":[{"id":49532,"href":"https:\/\/bytecosmico.com\/es\/wp-json\/wp\/v2\/posts\/49527\/revisions\/49532"}],"wp:featuredmedia":[{"embeddable":true,"href":"https:\/\/bytecosmico.com\/es\/wp-json\/wp\/v2\/media\/49528"}],"wp:attachment":[{"href":"https:\/\/bytecosmico.com\/es\/wp-json\/wp\/v2\/media?parent=49527"}],"wp:term":[{"taxonomy":"category","embeddable":true,"href":"https:\/\/bytecosmico.com\/es\/wp-json\/wp\/v2\/categories?post=49527"},{"taxonomy":"post_tag","embeddable":true,"href":"https:\/\/bytecosmico.com\/es\/wp-json\/wp\/v2\/tags?post=49527"}],"curies":[{"name":"wp","href":"https:\/\/api.w.org\/{rel}","templated":true}]}}