{"id":49451,"date":"2025-11-21T19:46:19","date_gmt":"2025-11-21T19:46:19","guid":{"rendered":"https:\/\/bytecosmico.com\/?p=49451"},"modified":"2025-11-21T19:46:56","modified_gmt":"2025-11-21T19:46:56","slug":"frankenstein-guillermo-del-toro-maquiagem-11-horas-elordi","status":"publish","type":"post","link":"https:\/\/bytecosmico.com\/es\/frankenstein-guillermo-del-toro-maquiagem-11-horas-elordi\/","title":{"rendered":"Frankenstein de Guillermo del Toro: La Transformaci\u00f3n de 11 Horas de Jacob Elordi y la Visi\u00f3n para los Oscar 2026"},"content":{"rendered":"<div>\n<p>La muy esperada adaptaci\u00f3n de <em>Frankenstein<\/em> de Guillermo del Toro para Netflix no es solo otra pel\u00edcula de monstruos; es un proyecto apasionante que ya huele a Oscar para 2026. Con un elenco estelar que incluye a Oscar Isaac, Mia Goth y Jacob Elordi, nuevos detalles detr\u00e1s de escena revelan una producci\u00f3n que mezcla el horror f\u00edsico extremo con la profundidad psicol\u00f3gica.<\/p>\n\n\n\n<p>El director y el elenco hablaron sobre la agotadora rutina en el set y la filosof\u00eda detr\u00e1s de esta reimaginaci\u00f3n del cl\u00e1sico de Mary Shelley.<\/p>\n\n\n\n<figure class=\"gb-element-5d1cf0fa\">\n<img loading=\"lazy\" decoding=\"async\" width=\"1200\" height=\"675\" class=\"gb-media-29d330ef\" alt=\"\" src=\"https:\/\/bytecosmico.com\/wp-content\/uploads\/2025\/11\/1-4.jpg\" title=\"1\" srcset=\"https:\/\/bytecosmico.com\/wp-content\/uploads\/2025\/11\/1-4.jpg 1200w, https:\/\/bytecosmico.com\/wp-content\/uploads\/2025\/11\/1-4-300x169.jpg 300w, https:\/\/bytecosmico.com\/wp-content\/uploads\/2025\/11\/1-4-1024x576.jpg 1024w, https:\/\/bytecosmico.com\/wp-content\/uploads\/2025\/11\/1-4-768x432.jpg 768w, https:\/\/bytecosmico.com\/wp-content\/uploads\/2025\/11\/1-4-18x10.jpg 18w\" sizes=\"auto, (max-width: 1200px) 100vw, 1200px\" \/>\n\n\n\n<figcaption class=\"gb-text\">Escena de la pel\u00edcula &#8220;Frankenstein&#8221;<\/figcaption>\n<\/figure>\n\n\n\n<h2 class=\"wp-block-heading\">La Agon\u00eda F\u00edsica de la Criatura: 42 Pr\u00f3tesis y Danza Butoh<\/h2>\n\n\n\n<p>Lo m\u00e1s destacado detr\u00e1s de c\u00e1maras es la transformaci\u00f3n de Jacob Elordi. El actor, que interpreta a la Criatura, enfrent\u00f3 un marat\u00f3n diario de maquillaje que duraba alrededor de <strong>11 horas<\/strong>. Para dar vida al monstruo, Elordi soportaba <strong>42 piezas prot\u00e9sicas<\/strong> en su cuerpo, 14 de ellas solo en la cabeza y el cuello.<\/p>\n\n\n\n<p>Pero la actuaci\u00f3n va m\u00e1s all\u00e1 del maquillaje. Elordi revel\u00f3 que bas\u00f3 los movimientos del personaje en la <strong>danza Butoh<\/strong>, una performance japonesa conocida como &#8220;la danza para reanimar un cad\u00e1ver&#8221;. Su objetivo es evocar empat\u00eda, no solo miedo: &#8220;Todos nacemos como esta Criatura en este mundo, antes de tomar conciencia&#8221;, explic\u00f3 el actor.<\/p>\n\n\n\n<h2 class=\"wp-block-heading\">Una Din\u00e1mica de Padre e Hijo (Sin Freud)<\/h2>\n\n\n\n<p>Aunque la historia se analiza a menudo bajo lentes psicoanal\u00edticos, del Toro rechaza el enfoque puramente acad\u00e9mico. Para \u00e9l, la relaci\u00f3n entre V\u00edctor Frankenstein y su Creaci\u00f3n es profundamente personal.<\/p>\n\n\n\n<p>&#8220;Creo que esto fue influenciado m\u00e1s por mi padre y yo, y por m\u00ed y mis hijos, que por Freud&#8221;, declar\u00f3 el director, bromeando que \u00e9l mismo es &#8220;f\u00e1cil de leer&#8221;, descartando an\u00e1lisis complejos del padre del psicoan\u00e1lisis.<\/p>\n\n\n\n<h2 class=\"wp-block-heading\">V\u00edctor Frankenstein: El Ni\u00f1o Herido que No Crece<\/h2>\n\n\n\n<p>Oscar Isaac, que interpreta al cient\u00edfico loco, ofreci\u00f3 una visi\u00f3n oscura de su personaje. A diferencia de la Criatura, que aprende y evoluciona, V\u00edctor es est\u00e1tico. &#8220;\u00c9l no se transforma. Sigue siendo el ni\u00f1o herido. En cualquier reacci\u00f3n, todav\u00eda tiene nueve a\u00f1os&#8221;, dijo Isaac.<\/p>\n\n\n\n<p>El actor tambi\u00e9n elogi\u00f3 la libertad creativa en el set. Esperando a un director controlador debido al perfeccionismo visual de del Toro, Isaac se sorprendi\u00f3 al encontrar un ambiente de &#8220;experimento libre&#8221;, donde la colaboraci\u00f3n dictaba el ritmo del rodaje.<\/p>\n<\/div>","protected":false},"excerpt":{"rendered":"<p>A aguardada adapta\u00e7\u00e3o de Frankenstein por Guillermo del Toro para a Netflix n\u00e3o \u00e9 apenas mais um filme de monstro; \u00e9 um projeto de paix\u00e3o que j\u00e1 nasce com cheiro de Oscar. Com um elenco estelar incluindo Oscar Isaac, Mia Goth e Jacob Elordi, novos detalhes dos bastidores revelam uma produ\u00e7\u00e3o que mistura horror f\u00edsico &#8230; <a title=\"Frankenstein de Guillermo del Toro: La Transformaci\u00f3n de 11 Horas de Jacob Elordi y la Visi\u00f3n para los Oscar 2026\" class=\"read-more\" href=\"https:\/\/bytecosmico.com\/es\/frankenstein-guillermo-del-toro-maquiagem-11-horas-elordi\/\" aria-label=\"Leer m\u00e1s sobre Frankenstein de Guillermo del Toro: A Transforma\u00e7\u00e3o de 11 Horas de Jacob Elordi e a Vis\u00e3o para o Oscar 2026\">Leer m\u00e1s<\/a><\/p>","protected":false},"author":1,"featured_media":49453,"comment_status":"closed","ping_status":"open","sticky":false,"template":"","format":"standard","meta":{"footnotes":""},"categories":[4],"tags":[60],"class_list":["post-49451","post","type-post","status-publish","format-standard","has-post-thumbnail","hentry","category-filmes-e-tv","tag-movies"],"_links":{"self":[{"href":"https:\/\/bytecosmico.com\/es\/wp-json\/wp\/v2\/posts\/49451","targetHints":{"allow":["GET"]}}],"collection":[{"href":"https:\/\/bytecosmico.com\/es\/wp-json\/wp\/v2\/posts"}],"about":[{"href":"https:\/\/bytecosmico.com\/es\/wp-json\/wp\/v2\/types\/post"}],"author":[{"embeddable":true,"href":"https:\/\/bytecosmico.com\/es\/wp-json\/wp\/v2\/users\/1"}],"replies":[{"embeddable":true,"href":"https:\/\/bytecosmico.com\/es\/wp-json\/wp\/v2\/comments?post=49451"}],"version-history":[{"count":3,"href":"https:\/\/bytecosmico.com\/es\/wp-json\/wp\/v2\/posts\/49451\/revisions"}],"predecessor-version":[{"id":49456,"href":"https:\/\/bytecosmico.com\/es\/wp-json\/wp\/v2\/posts\/49451\/revisions\/49456"}],"wp:featuredmedia":[{"embeddable":true,"href":"https:\/\/bytecosmico.com\/es\/wp-json\/wp\/v2\/media\/49453"}],"wp:attachment":[{"href":"https:\/\/bytecosmico.com\/es\/wp-json\/wp\/v2\/media?parent=49451"}],"wp:term":[{"taxonomy":"category","embeddable":true,"href":"https:\/\/bytecosmico.com\/es\/wp-json\/wp\/v2\/categories?post=49451"},{"taxonomy":"post_tag","embeddable":true,"href":"https:\/\/bytecosmico.com\/es\/wp-json\/wp\/v2\/tags?post=49451"}],"curies":[{"name":"wp","href":"https:\/\/api.w.org\/{rel}","templated":true}]}}