{"id":49289,"date":"2025-10-24T19:10:40","date_gmt":"2025-10-24T19:10:40","guid":{"rendered":"https:\/\/bytecosmico.com\/?p=49289"},"modified":"2025-10-24T19:10:41","modified_gmt":"2025-10-24T19:10:41","slug":"the-batman-parte-ii-tendra-villano-inedito-y-llega-a-cines-en-2027","status":"publish","type":"post","link":"https:\/\/bytecosmico.com\/es\/the-batman-parte-ii-tendra-villano-inedito-y-llega-a-cines-en-2027\/","title":{"rendered":"'The Batman - Parte II' Introducir\u00e1 un Villano In\u00e9dito y se Estrenar\u00e1 en 2027"},"content":{"rendered":"<div>\n<p>La esperada secuela del aclamado <em>The Batman<\/em> est\u00e1 comenzando a tomar forma. El director Matt Reeves ha confirmado que <em>The Batman &#8211; Parte II<\/em> iniciar\u00e1 su rodaje en 2026, con una fecha de estreno fijada para octubre de 2027. La gran noticia, sin embargo, es doble: la secuela presentar\u00e1 a un villano principal &#8220;nunca antes visto&#8221; en una adaptaci\u00f3n cinematogr\u00e1fica y Zo\u00eb Kravitz no regresar\u00e1 como Selina Kyle (Catwoman).<\/p>\n\n\n\n<p>Robert Pattinson regresa al papel principal, junto a Andy Serkis (Alfred), Jeffrey Wright (Comisario Gordon) y Colin Farrell, quien retoma su papel como El Ping\u00fcino despu\u00e9s de su serie de televisi\u00f3n de 2024.<\/p>\n\n\n\n<h2 class=\"wp-block-heading\">Un Villano Enfocado en lo Psicol\u00f3gico<\/h2>\n\n\n\n<figure class=\"gb-element-44094029\">\n<img loading=\"lazy\" decoding=\"async\" width=\"1600\" height=\"900\" class=\"gb-media-da0ddd47\" alt=\"\" src=\"https:\/\/bytecosmico.com\/wp-content\/uploads\/2025\/10\/img1.jpg\" title=\"img1\" srcset=\"https:\/\/bytecosmico.com\/wp-content\/uploads\/2025\/10\/img1.jpg 1600w, https:\/\/bytecosmico.com\/wp-content\/uploads\/2025\/10\/img1-300x169.jpg 300w, https:\/\/bytecosmico.com\/wp-content\/uploads\/2025\/10\/img1-1024x576.jpg 1024w, https:\/\/bytecosmico.com\/wp-content\/uploads\/2025\/10\/img1-768x432.jpg 768w, https:\/\/bytecosmico.com\/wp-content\/uploads\/2025\/10\/img1-1536x864.jpg 1536w, https:\/\/bytecosmico.com\/wp-content\/uploads\/2025\/10\/img1-18x10.jpg 18w\" sizes=\"auto, (max-width: 1600px) 100vw, 1600px\" \/>\n\n\n\n<figcaption class=\"gb-text\">Imagen ilustrativa: The Batman<\/figcaption>\n<\/figure>\n\n\n\n<p>Durante una entrevista con el periodista Josh Horowitz, Matt Reeves enfatiz\u00f3 que su objetivo es evitar la repetici\u00f3n de antagonistas ic\u00f3nicos ya explorados, como el Joker o Enigma. La elecci\u00f3n de un villano in\u00e9dito en el cine busca aportar &#8220;frescura&#8221; a la franquicia y, lo m\u00e1s importante, desafiar a Bruce Wayne de una manera nueva.<\/p>\n\n\n\n<p>Reeves afirm\u00f3 que el enfoque narrativo seguir\u00e1 centrado en la compleja dualidad y el desarrollo psicol\u00f3gico de Bruce Wayne. El nuevo antagonista ser\u00e1 elegido espec\u00edficamente para complementar ese viaje emocional, manteniendo el tono oscuro, investigativo y <em>noir<\/em> que defini\u00f3 la primera pel\u00edcula.<\/p>\n\n\n\n<h2 class=\"wp-block-heading\">\u00bfQui\u00e9n Ser\u00e1 el Nuevo Antagonista?<\/h2>\n\n\n\n<p>El anuncio de un villano &#8220;no adaptado&#8221; ha incendiado las especulaciones. Aunque Reeves mantiene los detalles en secreto, la vasta galer\u00eda de villanos de Batman ofrece opciones fascinantes que encajan con la est\u00e9tica de &#8220;thriller psicol\u00f3gico&#8221; de su universo:<\/p>\n\n\n\n<ul class=\"wp-block-list\">\n<li><strong>Hugo Strange:<\/strong> Un psiquiatra brillante y manipulador obsesionado con Batman. Su introducci\u00f3n encajar\u00eda perfectamente con un enfoque en el Asilo Arkham y permitir\u00eda un ataque directo a la psique de Bruce Wayne.<\/li>\n\n\n\n<li><strong>La Corte de los B\u00fahos:<\/strong> La teor\u00eda favorita de los fans. Una sociedad secreta y oscura que ha controlado Gotham durante siglos. La Corte forzar\u00eda a Batman a confrontar la corrupci\u00f3n sist\u00e9mica de la ciudad a un nivel que ni siquiera imaginaba, desafiando su papel como protector de Gotham.<\/li>\n\n\n\n<li><strong>El Ventr\u00edlocuo o Profesor Pyg:<\/strong> Opciones m\u00e1s grotescas que encajan con el estilo investigativo y de &#8220;asesino en serie&#8221;, forzando el lado detectivesco de Batman a salir a la luz de una forma horripilante.<\/li>\n<\/ul>\n\n\n\n<h2 class=\"wp-block-heading\">La Din\u00e1mica de Gotham: Salida de Selina y Ascenso del Ping\u00fcino<\/h2>\n\n\n\n<figure class=\"gb-element-1143f9a1\">\n<img loading=\"lazy\" decoding=\"async\" width=\"1920\" height=\"1080\" class=\"gb-media-fbe36721\" alt=\"\" src=\"https:\/\/bytecosmico.com\/wp-content\/uploads\/2025\/10\/img2.jpg\" title=\"img2\" srcset=\"https:\/\/bytecosmico.com\/wp-content\/uploads\/2025\/10\/img2.jpg 1920w, https:\/\/bytecosmico.com\/wp-content\/uploads\/2025\/10\/img2-300x169.jpg 300w, https:\/\/bytecosmico.com\/wp-content\/uploads\/2025\/10\/img2-1024x576.jpg 1024w, https:\/\/bytecosmico.com\/wp-content\/uploads\/2025\/10\/img2-768x432.jpg 768w, https:\/\/bytecosmico.com\/wp-content\/uploads\/2025\/10\/img2-1536x864.jpg 1536w, https:\/\/bytecosmico.com\/wp-content\/uploads\/2025\/10\/img2-18x10.jpg 18w\" sizes=\"auto, (max-width: 1920px) 100vw, 1920px\" \/>\n\n\n\n<figcaption class=\"gb-text\">Imagen ilustrativa: El Ping\u00fcino<\/figcaption>\n<\/figure>\n\n\n\n<p>La mayor sorpresa fue la confirmaci\u00f3n de que Zo\u00eb Kravitz no regresar\u00e1. La qu\u00edmica entre Bruce y Selina fue un pilar emocional de la primera pel\u00edcula. Su ausencia se\u00f1ala un cambio narrativo significativo.<\/p>\n\n\n\n<p>Sin la subtrama rom\u00e1ntica, se espera que la pel\u00edcula profundice a\u00fan m\u00e1s en los conflictos internos de Bruce Wayne. M\u00e1s importante a\u00fan, esto deja espacio para que el ascenso al poder de Oswald Cobblepot (Colin Farrell), detallado en la serie <em>El Ping\u00fcino<\/em>, se convierta en una fuerza central. Con Catwoman fuera del camino, El Ping\u00fcino se consolida como la principal figura del inframundo con la que Batman tendr\u00e1 que lidiar, conectando el universo cinematogr\u00e1fico y televisivo de Reeves.<\/p>\n\n\n\n<h2 class=\"wp-block-heading\">Producci\u00f3n y Expectativas<\/h2>\n\n\n\n<p>Con el rodaje programado para 2026, la producci\u00f3n tendr\u00e1 tiempo de sobra para desarrollar el guion, coescrito por Reeves, y solidificar el dise\u00f1o de producci\u00f3n. El lanzamiento en octubre de 2027 es estrat\u00e9gico, posicionando la pel\u00edcula como un gran \u00e9xito de taquilla de oto\u00f1o, alineada perfectamente con la est\u00e9tica oscura y g\u00f3tica del personaje, cercana a Halloween.<\/p>\n\n\n\n<p><strong>Fuente: <\/strong><mark style=\"background-color:rgba(0, 0, 0, 0)\" class=\"has-inline-color has-accent-color\">Entrevista de Matt Reeves con Josh Horowitz<\/mark><\/p>\n<\/div>","protected":false},"excerpt":{"rendered":"<p>A aguardada sequ\u00eancia do aclamado The Batman est\u00e1 come\u00e7ando a tomar forma. O diretor Matt Reeves confirmou que The Batman &#8211; Parte II iniciar\u00e1 as filmagens em 2026, com uma data de lan\u00e7amento marcada para outubro de 2027. A grande not\u00edcia, no entanto, \u00e9 dupla: a sequ\u00eancia apresentar\u00e1 um vil\u00e3o principal &#8220;nunca antes visto&#8221; em &#8230; <a title=\"&#8216;The Batman &#8211; Parte II&#8217; Ter\u00e1 Vil\u00e3o In\u00e9dito e Chega aos Cinemas em 2027\" class=\"read-more\" href=\"https:\/\/bytecosmico.com\/es\/the-batman-parte-ii-tendra-villano-inedito-y-llega-a-cines-en-2027\/\" aria-label=\"Leer m\u00e1s sobre &#8216;The Batman &#8211; Parte II&#8217; Ter\u00e1 Vil\u00e3o In\u00e9dito e Chega aos Cinemas em 2027\">Leer m\u00e1s<\/a><\/p>","protected":false},"author":1,"featured_media":49300,"comment_status":"open","ping_status":"open","sticky":false,"template":"","format":"standard","meta":{"footnotes":""},"categories":[4],"tags":[43,44],"class_list":["post-49289","post","type-post","status-publish","format-standard","has-post-thumbnail","hentry","category-filmes-e-tv","tag-batman","tag-filme"],"_links":{"self":[{"href":"https:\/\/bytecosmico.com\/es\/wp-json\/wp\/v2\/posts\/49289","targetHints":{"allow":["GET"]}}],"collection":[{"href":"https:\/\/bytecosmico.com\/es\/wp-json\/wp\/v2\/posts"}],"about":[{"href":"https:\/\/bytecosmico.com\/es\/wp-json\/wp\/v2\/types\/post"}],"author":[{"embeddable":true,"href":"https:\/\/bytecosmico.com\/es\/wp-json\/wp\/v2\/users\/1"}],"replies":[{"embeddable":true,"href":"https:\/\/bytecosmico.com\/es\/wp-json\/wp\/v2\/comments?post=49289"}],"version-history":[{"count":1,"href":"https:\/\/bytecosmico.com\/es\/wp-json\/wp\/v2\/posts\/49289\/revisions"}],"predecessor-version":[{"id":49299,"href":"https:\/\/bytecosmico.com\/es\/wp-json\/wp\/v2\/posts\/49289\/revisions\/49299"}],"wp:featuredmedia":[{"embeddable":true,"href":"https:\/\/bytecosmico.com\/es\/wp-json\/wp\/v2\/media\/49300"}],"wp:attachment":[{"href":"https:\/\/bytecosmico.com\/es\/wp-json\/wp\/v2\/media?parent=49289"}],"wp:term":[{"taxonomy":"category","embeddable":true,"href":"https:\/\/bytecosmico.com\/es\/wp-json\/wp\/v2\/categories?post=49289"},{"taxonomy":"post_tag","embeddable":true,"href":"https:\/\/bytecosmico.com\/es\/wp-json\/wp\/v2\/tags?post=49289"}],"curies":[{"name":"wp","href":"https:\/\/api.w.org\/{rel}","templated":true}]}}