{"id":49909,"date":"2026-01-09T13:05:27","date_gmt":"2026-01-09T13:05:27","guid":{"rendered":"https:\/\/bytecosmico.com\/?p=49909"},"modified":"2026-01-09T13:05:28","modified_gmt":"2026-01-09T13:05:28","slug":"apple-back-to-school-brazil-2026-free-airpods-4","status":"publish","type":"post","link":"https:\/\/bytecosmico.com\/en\/apple-back-to-school-brazil-2026-free-airpods-4\/","title":{"rendered":"Apple Kickstarts 2026 Back to School Promo in Brazil: Free AirPods 4 with Mac Purchases"},"content":{"rendered":"<div>\n<p>Apple has officially launched its highly anticipated <strong>2026 Back to School<\/strong> promotion in Brazil (and select Southern Hemisphere markets), bringing a compelling incentive for students and faculty members. This year, the tech giant is sweetening the deal by bundling the newly released <strong>AirPods 4<\/strong> with qualifying Mac purchases.<\/p>\n\n\n\n<h3 class=\"wp-block-heading\">The Deal at a Glance<\/h3>\n\n\n\n<figure class=\"gb-element-759a3b06\">\n<img loading=\"lazy\" decoding=\"async\" width=\"768\" height=\"403\" class=\"gb-media-beec0f40\" alt=\"\" src=\"https:\/\/bytecosmico.com\/wp-content\/uploads\/2026\/01\/bts-offer-og-202505_GEO_BR-768x403.jpg\" title=\"bts-offer-og-202505_GEO_BR\" srcset=\"https:\/\/bytecosmico.com\/wp-content\/uploads\/2026\/01\/bts-offer-og-202505_GEO_BR-768x403.jpg 768w, https:\/\/bytecosmico.com\/wp-content\/uploads\/2026\/01\/bts-offer-og-202505_GEO_BR-300x158.jpg 300w, https:\/\/bytecosmico.com\/wp-content\/uploads\/2026\/01\/bts-offer-og-202505_GEO_BR-1024x538.jpg 1024w, https:\/\/bytecosmico.com\/wp-content\/uploads\/2026\/01\/bts-offer-og-202505_GEO_BR-18x9.jpg 18w, https:\/\/bytecosmico.com\/wp-content\/uploads\/2026\/01\/bts-offer-og-202505_GEO_BR.jpg 1200w\" sizes=\"auto, (max-width: 768px) 100vw, 768px\" \/>\n\n\n\n<p><\/p>\n\n\n\n<figcaption class=\"gb-text\">Illustrative Image: Apple Products <\/figcaption>\n\n\n\n<p><\/p>\n<\/figure>\n\n\n\n<p>This promotion is particularly aggressive because it stacks the standard &#8220;Education Pricing&#8221; discount with a premium hardware gift, effectively lowering the total cost of ownership significantly.<\/p>\n\n\n\n<ul class=\"wp-block-list\">\n<li><strong>Mac Offer:<\/strong> Customers buying a MacBook Air, MacBook Pro, or iMac will receive a pair of <strong>AirPods 4<\/strong> at no extra cost. Users can also choose to pay the price difference to upgrade to the ANC model or the AirPods Pro 2.<\/li>\n\n\n\n<li><strong>iPad Offer:<\/strong> Purchasing an iPad Air or iPad Pro unlocks a free <strong>Apple Pencil Pro<\/strong>, an essential tool for digital creatives and note-takers.<\/li>\n<\/ul>\n\n\n\n<h3 class=\"wp-block-heading\">Eligibility &amp; Context<\/h3>\n\n\n\n<p>The offer runs from <strong>January 6 to March 11, 2026<\/strong>, aligning with the start of the academic year in the Southern Hemisphere. It is open to:<\/p>\n\n\n\n<ul class=\"wp-block-list\">\n<li>Higher education students (and those accepted into universities).<\/li>\n\n\n\n<li>Parents purchasing on behalf of university students.<\/li>\n\n\n\n<li>Faculty and staff at all education levels.<\/li>\n<\/ul>\n\n\n\n<p><strong>Editor\u2019s Take:<\/strong> For international observers, this promo often serves as a preview of what the Northern Hemisphere (US\/Europe) might expect later in the year (typically June-September). The shift to including AirPods 4 confirms Apple is pushing its latest audio lineup aggressively across all markets.<\/p>\n\n\n\n<p><em>Source: Apple Education Store<\/em><\/p>\n<\/div>","protected":false},"excerpt":{"rendered":"<p>A Apple Brasil deu in\u00edcio \u00e0 sua tradicional campanha anual &#8220;Volta \u00e0s Aulas&#8221; para 2026, oferecendo uma das melhores oportunidades do ano para estudantes e educadores renovarem seu ecossistema. A grande estrela desta edi\u00e7\u00e3o \u00e9 a inclus\u00e3o dos rec\u00e9m-lan\u00e7ados AirPods 4, que podem sair a custo zero na compra de Macs selecionados. O Que Est\u00e1 &#8230; <a title=\"Apple Lan\u00e7a Promo\u00e7\u00e3o &#8220;Volta \u00e0s Aulas&#8221; 2026 no Brasil: Saiba Como Garantir AirPods 4 Gr\u00e1tis\" class=\"read-more\" href=\"https:\/\/bytecosmico.com\/en\/apple-back-to-school-brazil-2026-free-airpods-4\/\" aria-label=\"Read more about Apple Lan\u00e7a Promo\u00e7\u00e3o &#8220;Volta \u00e0s Aulas&#8221; 2026 no Brasil: Saiba Como Garantir AirPods 4 Gr\u00e1tis\">Read more<\/a><\/p>","protected":false},"author":3,"featured_media":49912,"comment_status":"closed","ping_status":"open","sticky":false,"template":"","format":"standard","meta":{"footnotes":""},"categories":[7],"tags":[499,500,504,501,503,502],"class_list":["post-49909","post","type-post","status-publish","format-standard","has-post-thumbnail","hentry","category-tecnologia","tag-airpods-4","tag-apple-brasil","tag-educacao","tag-macbook-pro","tag-promocao","tag-volta-as-aulas-2026"],"_links":{"self":[{"href":"https:\/\/bytecosmico.com\/en\/wp-json\/wp\/v2\/posts\/49909","targetHints":{"allow":["GET"]}}],"collection":[{"href":"https:\/\/bytecosmico.com\/en\/wp-json\/wp\/v2\/posts"}],"about":[{"href":"https:\/\/bytecosmico.com\/en\/wp-json\/wp\/v2\/types\/post"}],"author":[{"embeddable":true,"href":"https:\/\/bytecosmico.com\/en\/wp-json\/wp\/v2\/users\/3"}],"replies":[{"embeddable":true,"href":"https:\/\/bytecosmico.com\/en\/wp-json\/wp\/v2\/comments?post=49909"}],"version-history":[{"count":1,"href":"https:\/\/bytecosmico.com\/en\/wp-json\/wp\/v2\/posts\/49909\/revisions"}],"predecessor-version":[{"id":49911,"href":"https:\/\/bytecosmico.com\/en\/wp-json\/wp\/v2\/posts\/49909\/revisions\/49911"}],"wp:featuredmedia":[{"embeddable":true,"href":"https:\/\/bytecosmico.com\/en\/wp-json\/wp\/v2\/media\/49912"}],"wp:attachment":[{"href":"https:\/\/bytecosmico.com\/en\/wp-json\/wp\/v2\/media?parent=49909"}],"wp:term":[{"taxonomy":"category","embeddable":true,"href":"https:\/\/bytecosmico.com\/en\/wp-json\/wp\/v2\/categories?post=49909"},{"taxonomy":"post_tag","embeddable":true,"href":"https:\/\/bytecosmico.com\/en\/wp-json\/wp\/v2\/tags?post=49909"}],"curies":[{"name":"wp","href":"https:\/\/api.w.org\/{rel}","templated":true}]}}