{"id":49451,"date":"2025-11-21T19:46:19","date_gmt":"2025-11-21T19:46:19","guid":{"rendered":"https:\/\/bytecosmico.com\/?p=49451"},"modified":"2025-11-21T19:46:56","modified_gmt":"2025-11-21T19:46:56","slug":"frankenstein-guillermo-del-toro-maquiagem-11-horas-elordi","status":"publish","type":"post","link":"https:\/\/bytecosmico.com\/en\/frankenstein-guillermo-del-toro-maquiagem-11-horas-elordi\/","title":{"rendered":"Guillermo del Toro\u2019s Frankenstein: Inside Jacob Elordi\u2019s 11-Hour Makeup and the Vision for the 2026 Oscars"},"content":{"rendered":"<div>\n<p>Guillermo del Toro&#8217;s highly anticipated adaptation of <em>Frankenstein<\/em> for Netflix isn&#8217;t just another monster movie; it&#8217;s a passion project that is already generating Oscar buzz for 2026. Featuring a stellar cast including Oscar Isaac, Mia Goth, and Jacob Elordi, new behind-the-scenes details reveal a production that blends extreme physical horror with psychological depth.<\/p>\n\n\n\n<p>The director and cast opened up about the grueling routine on set and the philosophy behind this reimagining of Mary Shelley&#8217;s classic.<\/p>\n\n\n\n<figure class=\"gb-element-55b9b2c1\">\n<img loading=\"lazy\" decoding=\"async\" width=\"1200\" height=\"675\" class=\"gb-media-5285b854\" alt=\"\" src=\"https:\/\/bytecosmico.com\/wp-content\/uploads\/2025\/11\/1-4.jpg\" title=\"1\" srcset=\"https:\/\/bytecosmico.com\/wp-content\/uploads\/2025\/11\/1-4.jpg 1200w, https:\/\/bytecosmico.com\/wp-content\/uploads\/2025\/11\/1-4-300x169.jpg 300w, https:\/\/bytecosmico.com\/wp-content\/uploads\/2025\/11\/1-4-1024x576.jpg 1024w, https:\/\/bytecosmico.com\/wp-content\/uploads\/2025\/11\/1-4-768x432.jpg 768w, https:\/\/bytecosmico.com\/wp-content\/uploads\/2025\/11\/1-4-18x10.jpg 18w\" sizes=\"auto, (max-width: 1200px) 100vw, 1200px\" \/>\n\n\n\n<figcaption class=\"gb-text\">Scene from the movie &#8220;Frankenstein&#8221;<\/figcaption>\n<\/figure>\n\n\n\n<h2 class=\"wp-block-heading\">The Creature\u2019s Physical Agony: 42 Prosthetics and Butoh Dance<\/h2>\n\n\n\n<p>The absolute highlight from behind the scenes is Jacob Elordi&#8217;s transformation. The actor, playing The Creature, endured a daily makeup marathon lasting around <strong>11 hours<\/strong>. To bring the monster to life, Elordi wore <strong>42 prosthetic pieces<\/strong> over his body, with 14 on his head and neck alone.<\/p>\n\n\n\n<p>But the performance goes beyond makeup. Elordi revealed he based the character&#8217;s movements on <strong>Butoh dance<\/strong>, a Japanese performance art known as &#8220;the dance to reanimate a corpse.&#8221; His goal is to evoke empathy, not just fear: &#8220;We are all born as this Creature in this world, before we become conscious,&#8221; the actor explained.<\/p>\n\n\n\n<h2 class=\"wp-block-heading\">A Father and Son Dynamic (Skipping Freud)<\/h2>\n\n\n\n<p>While the story is often analyzed through psychoanalytic lenses, del Toro rejects a purely academic approach. For him, the relationship between Victor Frankenstein and his Creation is deeply personal.<\/p>\n\n\n\n<p>&#8220;I think this was influenced more by my father and me, and by me and my kids, than by Freud,&#8221; the director stated, joking that he himself is &#8220;easy to read,&#8221; dismissing complex analyses from the father of psychoanalysis.<\/p>\n\n\n\n<h2 class=\"wp-block-heading\">Victor Frankenstein: The Wounded Child Who Doesn&#8217;t Grow<\/h2>\n\n\n\n<p>Oscar Isaac, playing the mad scientist, offered a dark take on his character. Unlike The Creature, who learns and evolves, Victor is static. &#8220;He doesn&#8217;t transform. He remains the wounded child. In any reaction, he is still nine years old,&#8221; Isaac said.<\/p>\n\n\n\n<p>The actor also praised the creative freedom on set. Expecting a controlling director due to del Toro&#8217;s visual perfectionism, Isaac was surprised to find an atmosphere of &#8220;free experiment,&#8221; where collaboration dictated the rhythm of filming.<\/p>\n<\/div>","protected":false},"excerpt":{"rendered":"<p>A aguardada adapta\u00e7\u00e3o de Frankenstein por Guillermo del Toro para a Netflix n\u00e3o \u00e9 apenas mais um filme de monstro; \u00e9 um projeto de paix\u00e3o que j\u00e1 nasce com cheiro de Oscar. Com um elenco estelar incluindo Oscar Isaac, Mia Goth e Jacob Elordi, novos detalhes dos bastidores revelam uma produ\u00e7\u00e3o que mistura horror f\u00edsico &#8230; <a title=\"Guillermo del Toro\u2019s Frankenstein: Inside Jacob Elordi\u2019s 11-Hour Makeup and the Vision for the 2026 Oscars\" class=\"read-more\" href=\"https:\/\/bytecosmico.com\/en\/frankenstein-guillermo-del-toro-maquiagem-11-horas-elordi\/\" aria-label=\"Read more about Frankenstein de Guillermo del Toro: A Transforma\u00e7\u00e3o de 11 Horas de Jacob Elordi e a Vis\u00e3o para o Oscar 2026\">Read more<\/a><\/p>","protected":false},"author":1,"featured_media":49453,"comment_status":"closed","ping_status":"open","sticky":false,"template":"","format":"standard","meta":{"footnotes":""},"categories":[4],"tags":[60],"class_list":["post-49451","post","type-post","status-publish","format-standard","has-post-thumbnail","hentry","category-filmes-e-tv","tag-movies"],"_links":{"self":[{"href":"https:\/\/bytecosmico.com\/en\/wp-json\/wp\/v2\/posts\/49451","targetHints":{"allow":["GET"]}}],"collection":[{"href":"https:\/\/bytecosmico.com\/en\/wp-json\/wp\/v2\/posts"}],"about":[{"href":"https:\/\/bytecosmico.com\/en\/wp-json\/wp\/v2\/types\/post"}],"author":[{"embeddable":true,"href":"https:\/\/bytecosmico.com\/en\/wp-json\/wp\/v2\/users\/1"}],"replies":[{"embeddable":true,"href":"https:\/\/bytecosmico.com\/en\/wp-json\/wp\/v2\/comments?post=49451"}],"version-history":[{"count":3,"href":"https:\/\/bytecosmico.com\/en\/wp-json\/wp\/v2\/posts\/49451\/revisions"}],"predecessor-version":[{"id":49456,"href":"https:\/\/bytecosmico.com\/en\/wp-json\/wp\/v2\/posts\/49451\/revisions\/49456"}],"wp:featuredmedia":[{"embeddable":true,"href":"https:\/\/bytecosmico.com\/en\/wp-json\/wp\/v2\/media\/49453"}],"wp:attachment":[{"href":"https:\/\/bytecosmico.com\/en\/wp-json\/wp\/v2\/media?parent=49451"}],"wp:term":[{"taxonomy":"category","embeddable":true,"href":"https:\/\/bytecosmico.com\/en\/wp-json\/wp\/v2\/categories?post=49451"},{"taxonomy":"post_tag","embeddable":true,"href":"https:\/\/bytecosmico.com\/en\/wp-json\/wp\/v2\/tags?post=49451"}],"curies":[{"name":"wp","href":"https:\/\/api.w.org\/{rel}","templated":true}]}}